{"id":19795,"date":"2020-11-28T16:15:37","date_gmt":"2020-11-28T16:15:37","guid":{"rendered":"https:\/\/www.ayuntamientodeharia.com\/haria\/?p=19795"},"modified":"2020-11-28T16:15:37","modified_gmt":"2020-11-28T16:15:37","slug":"el-ayuntamiento-de-haria-vuelve-a-producir-la-obra-mujeres","status":"publish","type":"post","link":"https:\/\/www.ayuntamientodeharia.com\/haria\/el-ayuntamiento-de-haria-vuelve-a-producir-la-obra-mujeres\/","title":{"rendered":"El Ayuntamiento de Har\u00eda vuelve a producir la obra \u2018Mujeres\u2019"},"content":{"rendered":"<p>Con motivo del D\u00eda Internacional contra la Violencia de G\u00e9nero, la Concejal\u00eda de Bienestar Social vuelve a producir la obra de teatro \u2018Mujeres\u2019, escrita y dirigida por Miguel P\u00e1ez, tras el \u00e9xito obtenido el pasado a\u00f1o.<\/p>\n<p>La historia est\u00e1 representada por mujeres del municipio de Har\u00eda que no han dudado en subir de nuevo al escenario para relatarnos de forma directa la realidad que viven muchas de ellas sin ser conscientes, en un primer momento, del maltrato al que est\u00e1n siendo sometidas.<\/p>\n<p>La primera representaci\u00f3n tendr\u00e1 lugar el viernes 27 de noviembre, a las 20:00 horas, en el Teatro Municipal de T\u00edas, producida en colaboraci\u00f3n con la Asociaci\u00f3n Social y Cultural para las Mujeres Marar\u00eda, mientras que el s\u00e1bado 12 de diciembre, a las 20:00 horas, se volver\u00e1 a representar en el Centro Sociocultural La Tegala de Har\u00eda.<\/p>\n<p>Las personas interesadas en asistir deber\u00e1n llamar al tel\u00e9fono del Departamento de Bienestar Social, 928 836 018, de lunes a viernes, en horario de oficina, ya que el aforo es limitado debido a las medidas sanitarias de control establecidas por el Gobierno para evitar posibles contagios del Sars-Cov-2.<\/p>\n","protected":false},"excerpt":{"rendered":"<p>Con motivo del D\u00eda Internacional contra la Violencia de G\u00e9nero, la Concejal\u00eda de Bienestar Social vuelve a producir la obra de teatro \u2018Mujeres\u2019, escrita y dirigida por Miguel P\u00e1ez, tras el \u00e9xito obtenido el pasado a\u00f1o. La historia est\u00e1 representada por mujeres del municipio de Har\u00eda que no han dudado en subir de nuevo al [&hellip;]<\/p>\n","protected":false},"author":7,"featured_media":19796,"comment_status":"closed","ping_status":"closed","sticky":false,"template":"","format":"standard","meta":{"footnotes":""},"categories":[187,11],"tags":[],"class_list":["post-19795","post","type-post","status-publish","format-standard","has-post-thumbnail","hentry","category-bienestar-social","category-hoja-de-haria"],"_links":{"self":[{"href":"https:\/\/www.ayuntamientodeharia.com\/haria\/wp-json\/wp\/v2\/posts\/19795","targetHints":{"allow":["GET"]}}],"collection":[{"href":"https:\/\/www.ayuntamientodeharia.com\/haria\/wp-json\/wp\/v2\/posts"}],"about":[{"href":"https:\/\/www.ayuntamientodeharia.com\/haria\/wp-json\/wp\/v2\/types\/post"}],"author":[{"embeddable":true,"href":"https:\/\/www.ayuntamientodeharia.com\/haria\/wp-json\/wp\/v2\/users\/7"}],"replies":[{"embeddable":true,"href":"https:\/\/www.ayuntamientodeharia.com\/haria\/wp-json\/wp\/v2\/comments?post=19795"}],"version-history":[{"count":1,"href":"https:\/\/www.ayuntamientodeharia.com\/haria\/wp-json\/wp\/v2\/posts\/19795\/revisions"}],"predecessor-version":[{"id":19797,"href":"https:\/\/www.ayuntamientodeharia.com\/haria\/wp-json\/wp\/v2\/posts\/19795\/revisions\/19797"}],"wp:featuredmedia":[{"embeddable":true,"href":"https:\/\/www.ayuntamientodeharia.com\/haria\/wp-json\/wp\/v2\/media\/19796"}],"wp:attachment":[{"href":"https:\/\/www.ayuntamientodeharia.com\/haria\/wp-json\/wp\/v2\/media?parent=19795"}],"wp:term":[{"taxonomy":"category","embeddable":true,"href":"https:\/\/www.ayuntamientodeharia.com\/haria\/wp-json\/wp\/v2\/categories?post=19795"},{"taxonomy":"post_tag","embeddable":true,"href":"https:\/\/www.ayuntamientodeharia.com\/haria\/wp-json\/wp\/v2\/tags?post=19795"}],"curies":[{"name":"wp","href":"https:\/\/api.w.org\/{rel}","templated":true}]}}