{"id":19793,"date":"2020-11-28T16:11:54","date_gmt":"2020-11-28T16:11:54","guid":{"rendered":"https:\/\/www.ayuntamientodeharia.com\/haria\/?p=19793"},"modified":"2020-11-28T16:11:54","modified_gmt":"2020-11-28T16:11:54","slug":"nueva-webcam-en-punta-mujeres","status":"publish","type":"post","link":"https:\/\/www.ayuntamientodeharia.com\/haria\/nueva-webcam-en-punta-mujeres\/","title":{"rendered":"Nueva webcam en Punta Mujeres"},"content":{"rendered":"<p>Ya est\u00e1 operativa la webcam instalada en el Centro Sociocultural El Marinero de Punta Mujeres, mediante la cual los usuarios podr\u00e1n conocer en directo, y desde cualquier dispositivo, el estado de la mar y del tiempo en dicha localidad.<\/p>\n<p>Esta webcam es la tercera que instala el Ayuntamiento de Har\u00eda en el municipio, tras las ubicadas en la playa de La Garita de Arrieta y en el Centro Sociocultural El Calet\u00f3n, en \u00d3rzola.<\/p>\n","protected":false},"excerpt":{"rendered":"<p>Ya est\u00e1 operativa la webcam instalada en el Centro Sociocultural El Marinero de Punta Mujeres, mediante la cual los usuarios podr\u00e1n conocer en directo, y desde cualquier dispositivo, el estado de la mar y del tiempo en dicha localidad. Esta webcam es la tercera que instala el Ayuntamiento de Har\u00eda en el municipio, tras las [&hellip;]<\/p>\n","protected":false},"author":7,"featured_media":17345,"comment_status":"closed","ping_status":"closed","sticky":false,"template":"","format":"standard","meta":{"footnotes":""},"categories":[11,81,105],"tags":[],"class_list":["post-19793","post","type-post","status-publish","format-standard","has-post-thumbnail","hentry","category-hoja-de-haria","category-municipio","category-nuevas-tecnologias"],"_links":{"self":[{"href":"https:\/\/www.ayuntamientodeharia.com\/haria\/wp-json\/wp\/v2\/posts\/19793","targetHints":{"allow":["GET"]}}],"collection":[{"href":"https:\/\/www.ayuntamientodeharia.com\/haria\/wp-json\/wp\/v2\/posts"}],"about":[{"href":"https:\/\/www.ayuntamientodeharia.com\/haria\/wp-json\/wp\/v2\/types\/post"}],"author":[{"embeddable":true,"href":"https:\/\/www.ayuntamientodeharia.com\/haria\/wp-json\/wp\/v2\/users\/7"}],"replies":[{"embeddable":true,"href":"https:\/\/www.ayuntamientodeharia.com\/haria\/wp-json\/wp\/v2\/comments?post=19793"}],"version-history":[{"count":1,"href":"https:\/\/www.ayuntamientodeharia.com\/haria\/wp-json\/wp\/v2\/posts\/19793\/revisions"}],"predecessor-version":[{"id":19794,"href":"https:\/\/www.ayuntamientodeharia.com\/haria\/wp-json\/wp\/v2\/posts\/19793\/revisions\/19794"}],"wp:featuredmedia":[{"embeddable":true,"href":"https:\/\/www.ayuntamientodeharia.com\/haria\/wp-json\/wp\/v2\/media\/17345"}],"wp:attachment":[{"href":"https:\/\/www.ayuntamientodeharia.com\/haria\/wp-json\/wp\/v2\/media?parent=19793"}],"wp:term":[{"taxonomy":"category","embeddable":true,"href":"https:\/\/www.ayuntamientodeharia.com\/haria\/wp-json\/wp\/v2\/categories?post=19793"},{"taxonomy":"post_tag","embeddable":true,"href":"https:\/\/www.ayuntamientodeharia.com\/haria\/wp-json\/wp\/v2\/tags?post=19793"}],"curies":[{"name":"wp","href":"https:\/\/api.w.org\/{rel}","templated":true}]}}