{"id":19791,"date":"2020-11-28T16:08:07","date_gmt":"2020-11-28T16:08:07","guid":{"rendered":"https:\/\/www.ayuntamientodeharia.com\/haria\/?p=19791"},"modified":"2020-11-28T16:08:07","modified_gmt":"2020-11-28T16:08:07","slug":"cierre-de-las-oficinas-municipales","status":"publish","type":"post","link":"https:\/\/www.ayuntamientodeharia.com\/haria\/cierre-de-las-oficinas-municipales\/","title":{"rendered":"Cierre de las oficinas municipales"},"content":{"rendered":"<p>Se informa a los vecinos y vecinas del municipio de que el 4 de diciembre las oficinas municipales permanecer\u00e1n cerradas al p\u00fablico, salvo el Registro General, que abrir\u00e1 de 09:00 a 13:00 horas.<\/p>\n<p>Los d\u00edas 7 y 8 de diciembre, al ser declarados como festivo nacional, todas las oficinas municipales permanecer\u00e1n cerradas.<\/p>\n<p>&nbsp;<\/p>\n<p>&nbsp;<\/p>\n","protected":false},"excerpt":{"rendered":"<p>Se informa a los vecinos y vecinas del municipio de que el 4 de diciembre las oficinas municipales permanecer\u00e1n cerradas al p\u00fablico, salvo el Registro General, que abrir\u00e1 de 09:00 a 13:00 horas. Los d\u00edas 7 y 8 de diciembre, al ser declarados como festivo nacional, todas las oficinas municipales permanecer\u00e1n cerradas. &nbsp; &nbsp;<\/p>\n","protected":false},"author":7,"featured_media":9914,"comment_status":"closed","ping_status":"closed","sticky":false,"template":"","format":"standard","meta":{"footnotes":""},"categories":[32,11],"tags":[],"class_list":["post-19791","post","type-post","status-publish","format-standard","has-post-thumbnail","hentry","category-anuncios","category-hoja-de-haria"],"_links":{"self":[{"href":"https:\/\/www.ayuntamientodeharia.com\/haria\/wp-json\/wp\/v2\/posts\/19791","targetHints":{"allow":["GET"]}}],"collection":[{"href":"https:\/\/www.ayuntamientodeharia.com\/haria\/wp-json\/wp\/v2\/posts"}],"about":[{"href":"https:\/\/www.ayuntamientodeharia.com\/haria\/wp-json\/wp\/v2\/types\/post"}],"author":[{"embeddable":true,"href":"https:\/\/www.ayuntamientodeharia.com\/haria\/wp-json\/wp\/v2\/users\/7"}],"replies":[{"embeddable":true,"href":"https:\/\/www.ayuntamientodeharia.com\/haria\/wp-json\/wp\/v2\/comments?post=19791"}],"version-history":[{"count":1,"href":"https:\/\/www.ayuntamientodeharia.com\/haria\/wp-json\/wp\/v2\/posts\/19791\/revisions"}],"predecessor-version":[{"id":19792,"href":"https:\/\/www.ayuntamientodeharia.com\/haria\/wp-json\/wp\/v2\/posts\/19791\/revisions\/19792"}],"wp:featuredmedia":[{"embeddable":true,"href":"https:\/\/www.ayuntamientodeharia.com\/haria\/wp-json\/wp\/v2\/media\/9914"}],"wp:attachment":[{"href":"https:\/\/www.ayuntamientodeharia.com\/haria\/wp-json\/wp\/v2\/media?parent=19791"}],"wp:term":[{"taxonomy":"category","embeddable":true,"href":"https:\/\/www.ayuntamientodeharia.com\/haria\/wp-json\/wp\/v2\/categories?post=19791"},{"taxonomy":"post_tag","embeddable":true,"href":"https:\/\/www.ayuntamientodeharia.com\/haria\/wp-json\/wp\/v2\/tags?post=19791"}],"curies":[{"name":"wp","href":"https:\/\/api.w.org\/{rel}","templated":true}]}}