{"id":1979,"date":"2015-07-17T12:01:36","date_gmt":"2015-07-17T12:01:36","guid":{"rendered":"http:\/\/www.ayuntamientodeharia.com\/haria\/?p=1979"},"modified":"2015-07-17T12:01:36","modified_gmt":"2015-07-17T12:01:36","slug":"campana-de-limpieza-en-la-costa-de-arrieta","status":"publish","type":"post","link":"https:\/\/www.ayuntamientodeharia.com\/haria\/campana-de-limpieza-en-la-costa-de-arrieta\/","title":{"rendered":"Campa\u00f1a de limpieza en la costa de Arrieta"},"content":{"rendered":"<p><a href=\"http:\/\/www.ayuntamientodeharia.com\/haria\/wp-content\/uploads\/2015\/07\/hoja_759-arrieta.jpg\"><img fetchpriority=\"high\" decoding=\"async\" class=\"alignleft size-medium wp-image-1948\" src=\"http:\/\/www.ayuntamientodeharia.com\/haria\/wp-content\/uploads\/2015\/07\/hoja_759-arrieta-217x300.jpg\" alt=\"hoja_759 arrieta\" width=\"217\" height=\"300\" srcset=\"https:\/\/www.ayuntamientodeharia.com\/haria\/wp-content\/uploads\/2015\/07\/hoja_759-arrieta-217x300.jpg 217w, https:\/\/www.ayuntamientodeharia.com\/haria\/wp-content\/uploads\/2015\/07\/hoja_759-arrieta-741x1024.jpg 741w, https:\/\/www.ayuntamientodeharia.com\/haria\/wp-content\/uploads\/2015\/07\/hoja_759-arrieta.jpg 870w\" sizes=\"(max-width: 217px) 100vw, 217px\" \/><\/a>El Ayuntamiento de Har\u00eda, a trav\u00e9s de la Concejal\u00eda de Medio Ambiente, y en colaboraci\u00f3n con el proyecto \u2018Ag\u00fcita con el Pl\u00e1stico\u2019, promovido por la oficina de la Reserva de la Biosfera de Lanzarote, contin\u00faa adelante con la \u2018Campa\u00f1a de Voluntariado para la Limpieza del Litoral\u2019, proponiendo nuevas jornadas de limpieza.<\/p>\n<p>&nbsp;<\/p>\n<p>Con la puesta en marcha de este tipo de campa\u00f1as no s\u00f3lo se pretende mantener en \u00f3ptimas condiciones de limpieza el entorno natural del municipio, sino tambi\u00e9n concienciar a los m\u00e1s peque\u00f1os sobre la necesidad de cuidar y respetar el ecosistema.<\/p>\n<p>&nbsp;<\/p>\n<p>La personas interesadas en colaborar y participar en la limpieza de la costa de Arrieta pueden hacerlo acudiendo este s\u00e1bado, 18 de julio, a las 8:00 horas, a los aparcamiento del restaurante La Playa en Arrieta.<\/p>\n","protected":false},"excerpt":{"rendered":"<p>El Ayuntamiento de Har\u00eda, a trav\u00e9s de la Concejal\u00eda de Medio Ambiente, y en colaboraci\u00f3n con el proyecto \u2018Ag\u00fcita con el Pl\u00e1stico\u2019, promovido por la oficina de la Reserva de la Biosfera de Lanzarote, contin\u00faa adelante con la \u2018Campa\u00f1a de Voluntariado para la Limpieza del Litoral\u2019, proponiendo nuevas jornadas de limpieza. &nbsp; Con la puesta [&hellip;]<\/p>\n","protected":false},"author":2,"featured_media":0,"comment_status":"closed","ping_status":"closed","sticky":false,"template":"","format":"standard","meta":{"footnotes":""},"categories":[11,51],"tags":[],"class_list":["post-1979","post","type-post","status-publish","format-standard","hentry","category-hoja-de-haria","category-medioambiente"],"_links":{"self":[{"href":"https:\/\/www.ayuntamientodeharia.com\/haria\/wp-json\/wp\/v2\/posts\/1979","targetHints":{"allow":["GET"]}}],"collection":[{"href":"https:\/\/www.ayuntamientodeharia.com\/haria\/wp-json\/wp\/v2\/posts"}],"about":[{"href":"https:\/\/www.ayuntamientodeharia.com\/haria\/wp-json\/wp\/v2\/types\/post"}],"author":[{"embeddable":true,"href":"https:\/\/www.ayuntamientodeharia.com\/haria\/wp-json\/wp\/v2\/users\/2"}],"replies":[{"embeddable":true,"href":"https:\/\/www.ayuntamientodeharia.com\/haria\/wp-json\/wp\/v2\/comments?post=1979"}],"version-history":[{"count":0,"href":"https:\/\/www.ayuntamientodeharia.com\/haria\/wp-json\/wp\/v2\/posts\/1979\/revisions"}],"wp:attachment":[{"href":"https:\/\/www.ayuntamientodeharia.com\/haria\/wp-json\/wp\/v2\/media?parent=1979"}],"wp:term":[{"taxonomy":"category","embeddable":true,"href":"https:\/\/www.ayuntamientodeharia.com\/haria\/wp-json\/wp\/v2\/categories?post=1979"},{"taxonomy":"post_tag","embeddable":true,"href":"https:\/\/www.ayuntamientodeharia.com\/haria\/wp-json\/wp\/v2\/tags?post=1979"}],"curies":[{"name":"wp","href":"https:\/\/api.w.org\/{rel}","templated":true}]}}