{"id":1974,"date":"2015-07-17T11:55:58","date_gmt":"2015-07-17T11:55:58","guid":{"rendered":"http:\/\/www.ayuntamientodeharia.com\/haria\/?p=1974"},"modified":"2015-07-17T11:56:14","modified_gmt":"2015-07-17T11:56:14","slug":"el-ayuntamiento-pone-en-marcha-una-campana-de-seguridad-vial","status":"publish","type":"post","link":"https:\/\/www.ayuntamientodeharia.com\/haria\/el-ayuntamiento-pone-en-marcha-una-campana-de-seguridad-vial\/","title":{"rendered":"El Ayuntamiento pone en marcha una campa\u00f1a de seguridad vial"},"content":{"rendered":"<p>Aprovechando los meses de verano la Concejal\u00eda de Seguridad y Emergencia del Ayuntamiento de Har\u00eda, coordinada por Soraya Brito Navarro, organiza una campa\u00f1a de concienciaci\u00f3n ciudadana encaminada a reducir las infracciones cometidas en las zonas urbanas.<\/p>\n<p>&nbsp;<\/p>\n<p>Por este motivo, se recuerda a los conductores y ocupantes de los veh\u00edculos que es obligatorio el uso del cintur\u00f3n de seguridad, cascos y dem\u00e1s elementos de protecci\u00f3n y dispositivos de seguridad, con las excepciones que, en su caso, se determinen.<\/p>\n<p><!--more--><\/p>\n<p>Esta prohibici\u00f3n se extiende a los menores de edad, que est\u00e1n obligados a llevar el casco cuando circulen con bicicleta por cualquier n\u00facleo urbano. Adem\u00e1s, est\u00e1 prohibido conducir utilizando manualmente dispositivos de telefon\u00eda m\u00f3vil, navegadores o cualquier otro sistema de comunicaci\u00f3n.<\/p>\n<p>&nbsp;<\/p>\n<p>Por otro lado, se recuerda a los vecinos que existe una ordenanza reguladora de tr\u00e1fico y aparcamiento donde se proh\u00edbe el estacionamiento en la v\u00eda p\u00fablica de los remolques que se encuentren separados del veh\u00edculo tractor que los arrastra.<\/p>\n","protected":false},"excerpt":{"rendered":"<p>Aprovechando los meses de verano la Concejal\u00eda de Seguridad y Emergencia del Ayuntamiento de Har\u00eda, coordinada por Soraya Brito Navarro, organiza una campa\u00f1a de concienciaci\u00f3n ciudadana encaminada a reducir las infracciones cometidas en las zonas urbanas. &nbsp; Por este motivo, se recuerda a los conductores y ocupantes de los veh\u00edculos que es obligatorio el uso [&hellip;]<\/p>\n","protected":false},"author":2,"featured_media":0,"comment_status":"closed","ping_status":"closed","sticky":false,"template":"","format":"standard","meta":{"footnotes":""},"categories":[11],"tags":[],"class_list":["post-1974","post","type-post","status-publish","format-standard","hentry","category-hoja-de-haria"],"_links":{"self":[{"href":"https:\/\/www.ayuntamientodeharia.com\/haria\/wp-json\/wp\/v2\/posts\/1974","targetHints":{"allow":["GET"]}}],"collection":[{"href":"https:\/\/www.ayuntamientodeharia.com\/haria\/wp-json\/wp\/v2\/posts"}],"about":[{"href":"https:\/\/www.ayuntamientodeharia.com\/haria\/wp-json\/wp\/v2\/types\/post"}],"author":[{"embeddable":true,"href":"https:\/\/www.ayuntamientodeharia.com\/haria\/wp-json\/wp\/v2\/users\/2"}],"replies":[{"embeddable":true,"href":"https:\/\/www.ayuntamientodeharia.com\/haria\/wp-json\/wp\/v2\/comments?post=1974"}],"version-history":[{"count":0,"href":"https:\/\/www.ayuntamientodeharia.com\/haria\/wp-json\/wp\/v2\/posts\/1974\/revisions"}],"wp:attachment":[{"href":"https:\/\/www.ayuntamientodeharia.com\/haria\/wp-json\/wp\/v2\/media?parent=1974"}],"wp:term":[{"taxonomy":"category","embeddable":true,"href":"https:\/\/www.ayuntamientodeharia.com\/haria\/wp-json\/wp\/v2\/categories?post=1974"},{"taxonomy":"post_tag","embeddable":true,"href":"https:\/\/www.ayuntamientodeharia.com\/haria\/wp-json\/wp\/v2\/tags?post=1974"}],"curies":[{"name":"wp","href":"https:\/\/api.w.org\/{rel}","templated":true}]}}