{"id":1972,"date":"2015-07-17T11:53:56","date_gmt":"2015-07-17T11:53:56","guid":{"rendered":"http:\/\/www.ayuntamientodeharia.com\/haria\/?p=1972"},"modified":"2015-07-17T11:53:56","modified_gmt":"2015-07-17T11:53:56","slug":"el-alcalde-recibe-a-los-ninos-de-adila","status":"publish","type":"post","link":"https:\/\/www.ayuntamientodeharia.com\/haria\/el-alcalde-recibe-a-los-ninos-de-adila\/","title":{"rendered":"El alcalde recibe a los ni\u00f1os de ADILA"},"content":{"rendered":"<p><a href=\"http:\/\/www.ayuntamientodeharia.com\/haria\/wp-content\/uploads\/2015\/07\/hoja_759-adila.jpg\"><img fetchpriority=\"high\" decoding=\"async\" class=\"alignleft size-medium wp-image-1947\" src=\"http:\/\/www.ayuntamientodeharia.com\/haria\/wp-content\/uploads\/2015\/07\/hoja_759-adila-300x178.jpg\" alt=\"hoja_759 adila\" width=\"300\" height=\"178\" srcset=\"https:\/\/www.ayuntamientodeharia.com\/haria\/wp-content\/uploads\/2015\/07\/hoja_759-adila-300x178.jpg 300w, https:\/\/www.ayuntamientodeharia.com\/haria\/wp-content\/uploads\/2015\/07\/hoja_759-adila-1024x608.jpg 1024w, https:\/\/www.ayuntamientodeharia.com\/haria\/wp-content\/uploads\/2015\/07\/hoja_759-adila.jpg 1062w\" sizes=\"(max-width: 300px) 100vw, 300px\" \/><\/a>El alcalde de Har\u00eda, Marciano Acu\u00f1a Betancor, recibi\u00f3 en las dependencias municipales a un grupo de ni\u00f1os y ni\u00f1as, as\u00ed como a los monitores de la Asociaci\u00f3n de Diab\u00e9ticos de Lanzarote ADILA, para hacerles entrega de la insignia de plata del Ayuntamiento.<\/p>\n<p>&nbsp;<\/p>\n<p>El Consistorio ha querido colaborar con ADILA poniendo a su disposici\u00f3n las instalaciones de la Residencia Escolar para que los ni\u00f1os y ni\u00f1as de esta asociaci\u00f3n puedan disfrutar de una semana de convivencia, as\u00ed como de un taller de barro ofrecido por el ceramista Aquilino Rodr\u00ed- guez.<\/p>\n","protected":false},"excerpt":{"rendered":"<p>El alcalde de Har\u00eda, Marciano Acu\u00f1a Betancor, recibi\u00f3 en las dependencias municipales a un grupo de ni\u00f1os y ni\u00f1as, as\u00ed como a los monitores de la Asociaci\u00f3n de Diab\u00e9ticos de Lanzarote ADILA, para hacerles entrega de la insignia de plata del Ayuntamiento. &nbsp; El Consistorio ha querido colaborar con ADILA poniendo a su disposici\u00f3n las [&hellip;]<\/p>\n","protected":false},"author":2,"featured_media":0,"comment_status":"closed","ping_status":"closed","sticky":false,"template":"","format":"standard","meta":{"footnotes":""},"categories":[11],"tags":[],"class_list":["post-1972","post","type-post","status-publish","format-standard","hentry","category-hoja-de-haria"],"_links":{"self":[{"href":"https:\/\/www.ayuntamientodeharia.com\/haria\/wp-json\/wp\/v2\/posts\/1972","targetHints":{"allow":["GET"]}}],"collection":[{"href":"https:\/\/www.ayuntamientodeharia.com\/haria\/wp-json\/wp\/v2\/posts"}],"about":[{"href":"https:\/\/www.ayuntamientodeharia.com\/haria\/wp-json\/wp\/v2\/types\/post"}],"author":[{"embeddable":true,"href":"https:\/\/www.ayuntamientodeharia.com\/haria\/wp-json\/wp\/v2\/users\/2"}],"replies":[{"embeddable":true,"href":"https:\/\/www.ayuntamientodeharia.com\/haria\/wp-json\/wp\/v2\/comments?post=1972"}],"version-history":[{"count":0,"href":"https:\/\/www.ayuntamientodeharia.com\/haria\/wp-json\/wp\/v2\/posts\/1972\/revisions"}],"wp:attachment":[{"href":"https:\/\/www.ayuntamientodeharia.com\/haria\/wp-json\/wp\/v2\/media?parent=1972"}],"wp:term":[{"taxonomy":"category","embeddable":true,"href":"https:\/\/www.ayuntamientodeharia.com\/haria\/wp-json\/wp\/v2\/categories?post=1972"},{"taxonomy":"post_tag","embeddable":true,"href":"https:\/\/www.ayuntamientodeharia.com\/haria\/wp-json\/wp\/v2\/tags?post=1972"}],"curies":[{"name":"wp","href":"https:\/\/api.w.org\/{rel}","templated":true}]}}