{"id":1967,"date":"2015-07-17T11:47:26","date_gmt":"2015-07-17T11:47:26","guid":{"rendered":"http:\/\/www.ayuntamientodeharia.com\/haria\/?p=1967"},"modified":"2015-07-17T11:50:02","modified_gmt":"2015-07-17T11:50:02","slug":"ii-certamen-literario-y-fotografico-lagar-y-quesera","status":"publish","type":"post","link":"https:\/\/www.ayuntamientodeharia.com\/haria\/ii-certamen-literario-y-fotografico-lagar-y-quesera\/","title":{"rendered":"II Certamen literario y fotogr\u00e1fico \u2018Lagar y Quesera\u2019"},"content":{"rendered":"<p>La Asociaci\u00f3n de Amigos del Vino y el Queso de Lanzarote y la Fundaci\u00f3n Jos\u00e9 Clavijo y Fajardo, en colaboraci\u00f3n con la Consejer\u00eda de Agricultura del Cabildo y la Concejal\u00eda de Agricultura del Ayuntamiento de Har\u00eda, organizan el II Certamen Literario y Fotogr\u00e1fico \u2018Lagar y Quesera\u2019 con motivo de la vendimia, que se llevar\u00e1 a cabo pr\u00f3ximamente.<\/p>\n<p>&nbsp;<\/p>\n<p>Al concurso pueden presentarse las personas mayores de 16 a\u00f1os que residan en Canarias con un m\u00e1ximo de tres trabajos por modalidad, debiendo ajustarse a las modalidades de narraci\u00f3n, poes\u00eda y fotograf\u00eda. La tem\u00e1tica debe girar en torno a la vid, la vendimia, el vino y el peculiar paisaje vin\u00edcola lanzarote\u00f1o. Deber\u00e1n presentarse antes del 30 de septiembre del presente a\u00f1o, en la sede de la Asociaci\u00f3n de Amigos del Vino y el Queso de Lanzarote, situada en la calle La Hoya 3, de Har\u00eda, o en la Concejal\u00eda de Agricultura del Ayuntamiento de Har\u00eda.<\/p>\n<p><!--more--><\/p>\n<p>Tambi\u00e9n pueden enviar los trabajos a concurso a trav\u00e9s de la direcci\u00f3n de correo electr\u00f3nico lagaryquesera2014@gmail.com. Los trabajos que opten al premio de narrativa o poes\u00eda y se presenten impresos deber\u00e1n entregarse por triplicado, bajo el sistema de plicas (un sobre se\u00f1alando la modalidad a la que se presenta, con la obra, sin firma y con un lema o seud\u00f3nimo y, en el interior, otro cerrado, se\u00f1alando en el exterior s\u00f3lo el lema y la modalidad, con los datos precisos para la identificaci\u00f3n de la persona: carnet de identificaci\u00f3n, tel\u00e9fono, email, direcci\u00f3n postal). Asimismo, los trabajos de narrativa no podr\u00e1n exceder los dos folios, mientras que los de poes\u00eda presentar\u00e1n una m\u00e9trica libre y no superar\u00e1n los 100 versos.<\/p>\n<p>&nbsp;<\/p>\n<p>Por otro lado, los trabajos de fotograf\u00eda deber\u00e1n enviarse junto a los datos personales del autor por correo electr\u00f3nico en formato digital con una ocupaci\u00f3n m\u00ednima de 1Mb y m\u00e1xima de 3Mb. El jurado creado al efecto valorar\u00e1 los trabajos presentados, que ser\u00e1n publicados en los medios correspondientes otorgando un primer premio por modalidad, dotado con 100 euros al de narrativa y poes\u00eda y de 50 euros al de fotograf\u00eda.<\/p>\n<p>&nbsp;<\/p>\n<p>Adem\u00e1s, se har\u00e1 una selecci\u00f3n de veinticinco fotograf\u00edas, que ser\u00e1n expuestas y puestas a la venta al precio que la organizaci\u00f3n establezca, destin\u00e1ndose el dinero a sus autores. La entrega de premios se realizar\u00e1 el viernes 27 de noviembre del presente a\u00f1o, en el lugar dispuesto por la organizaci\u00f3n.<\/p>\n","protected":false},"excerpt":{"rendered":"<p>La Asociaci\u00f3n de Amigos del Vino y el Queso de Lanzarote y la Fundaci\u00f3n Jos\u00e9 Clavijo y Fajardo, en colaboraci\u00f3n con la Consejer\u00eda de Agricultura del Cabildo y la Concejal\u00eda de Agricultura del Ayuntamiento de Har\u00eda, organizan el II Certamen Literario y Fotogr\u00e1fico \u2018Lagar y Quesera\u2019 con motivo de la vendimia, que se llevar\u00e1 a [&hellip;]<\/p>\n","protected":false},"author":2,"featured_media":0,"comment_status":"closed","ping_status":"closed","sticky":false,"template":"","format":"standard","meta":{"footnotes":""},"categories":[16,11],"tags":[],"class_list":["post-1967","post","type-post","status-publish","format-standard","hentry","category-cultura","category-hoja-de-haria"],"_links":{"self":[{"href":"https:\/\/www.ayuntamientodeharia.com\/haria\/wp-json\/wp\/v2\/posts\/1967","targetHints":{"allow":["GET"]}}],"collection":[{"href":"https:\/\/www.ayuntamientodeharia.com\/haria\/wp-json\/wp\/v2\/posts"}],"about":[{"href":"https:\/\/www.ayuntamientodeharia.com\/haria\/wp-json\/wp\/v2\/types\/post"}],"author":[{"embeddable":true,"href":"https:\/\/www.ayuntamientodeharia.com\/haria\/wp-json\/wp\/v2\/users\/2"}],"replies":[{"embeddable":true,"href":"https:\/\/www.ayuntamientodeharia.com\/haria\/wp-json\/wp\/v2\/comments?post=1967"}],"version-history":[{"count":0,"href":"https:\/\/www.ayuntamientodeharia.com\/haria\/wp-json\/wp\/v2\/posts\/1967\/revisions"}],"wp:attachment":[{"href":"https:\/\/www.ayuntamientodeharia.com\/haria\/wp-json\/wp\/v2\/media?parent=1967"}],"wp:term":[{"taxonomy":"category","embeddable":true,"href":"https:\/\/www.ayuntamientodeharia.com\/haria\/wp-json\/wp\/v2\/categories?post=1967"},{"taxonomy":"post_tag","embeddable":true,"href":"https:\/\/www.ayuntamientodeharia.com\/haria\/wp-json\/wp\/v2\/tags?post=1967"}],"curies":[{"name":"wp","href":"https:\/\/api.w.org\/{rel}","templated":true}]}}