{"id":1965,"date":"2015-07-17T11:36:27","date_gmt":"2015-07-17T11:36:27","guid":{"rendered":"http:\/\/www.ayuntamientodeharia.com\/haria\/?p=1965"},"modified":"2015-07-17T11:36:27","modified_gmt":"2015-07-17T11:36:27","slug":"exposicion-de-residuo-a-recurso-en-punta-mujeres","status":"publish","type":"post","link":"https:\/\/www.ayuntamientodeharia.com\/haria\/exposicion-de-residuo-a-recurso-en-punta-mujeres\/","title":{"rendered":"Exposici\u00f3n \u2018De residuo a recurso\u2019 en Punta Mujeres"},"content":{"rendered":"<p><a href=\"http:\/\/www.ayuntamientodeharia.com\/haria\/wp-content\/uploads\/2015\/07\/hoja_759-residuo.jpg\"><img fetchpriority=\"high\" decoding=\"async\" class=\"alignleft size-medium wp-image-1946\" src=\"http:\/\/www.ayuntamientodeharia.com\/haria\/wp-content\/uploads\/2015\/07\/hoja_759-residuo-300x218.jpg\" alt=\"hoja_759 residuo\" width=\"300\" height=\"218\" srcset=\"https:\/\/www.ayuntamientodeharia.com\/haria\/wp-content\/uploads\/2015\/07\/hoja_759-residuo-300x218.jpg 300w, https:\/\/www.ayuntamientodeharia.com\/haria\/wp-content\/uploads\/2015\/07\/hoja_759-residuo-1024x746.jpg 1024w, https:\/\/www.ayuntamientodeharia.com\/haria\/wp-content\/uploads\/2015\/07\/hoja_759-residuo.jpg 1071w\" sizes=\"(max-width: 300px) 100vw, 300px\" \/><\/a>El lunes, 20 a julio, a las 10:00 horas, se abrir\u00e1 al p\u00fablico la exposici\u00f3n \u2018De residuo a recurso\u2019, organizada por el Gobierno de Canarias y el Cabildo de Lanzarote, a trav\u00e9s de Lanzarote Recicla y la empresa Ecoembes, en los salones del Centro Sociocultural El Marinero de Punta Mujeres.<\/p>\n<p>&nbsp;<\/p>\n<p>A trav\u00e9s de varios paneles explicativos se muestra al p\u00fablico c\u00f3mo a trav\u00e9s de los residuos podemos obtener recursos, con el objetivo de concienciar a la poblaci\u00f3n sobre la necesidad de reciclar.<\/p>\n<p>&nbsp;<\/p>\n<p>Esta muestra itinerante permanecer\u00e1 abierta al p\u00fablico hasta el viernes, 24 de julio, de 10:00 a 14:00 horas, en los salones del Centro.<\/p>\n","protected":false},"excerpt":{"rendered":"<p>El lunes, 20 a julio, a las 10:00 horas, se abrir\u00e1 al p\u00fablico la exposici\u00f3n \u2018De residuo a recurso\u2019, organizada por el Gobierno de Canarias y el Cabildo de Lanzarote, a trav\u00e9s de Lanzarote Recicla y la empresa Ecoembes, en los salones del Centro Sociocultural El Marinero de Punta Mujeres. &nbsp; A trav\u00e9s de varios [&hellip;]<\/p>\n","protected":false},"author":2,"featured_media":0,"comment_status":"closed","ping_status":"closed","sticky":false,"template":"","format":"standard","meta":{"footnotes":""},"categories":[16,11],"tags":[],"class_list":["post-1965","post","type-post","status-publish","format-standard","hentry","category-cultura","category-hoja-de-haria"],"_links":{"self":[{"href":"https:\/\/www.ayuntamientodeharia.com\/haria\/wp-json\/wp\/v2\/posts\/1965","targetHints":{"allow":["GET"]}}],"collection":[{"href":"https:\/\/www.ayuntamientodeharia.com\/haria\/wp-json\/wp\/v2\/posts"}],"about":[{"href":"https:\/\/www.ayuntamientodeharia.com\/haria\/wp-json\/wp\/v2\/types\/post"}],"author":[{"embeddable":true,"href":"https:\/\/www.ayuntamientodeharia.com\/haria\/wp-json\/wp\/v2\/users\/2"}],"replies":[{"embeddable":true,"href":"https:\/\/www.ayuntamientodeharia.com\/haria\/wp-json\/wp\/v2\/comments?post=1965"}],"version-history":[{"count":0,"href":"https:\/\/www.ayuntamientodeharia.com\/haria\/wp-json\/wp\/v2\/posts\/1965\/revisions"}],"wp:attachment":[{"href":"https:\/\/www.ayuntamientodeharia.com\/haria\/wp-json\/wp\/v2\/media?parent=1965"}],"wp:term":[{"taxonomy":"category","embeddable":true,"href":"https:\/\/www.ayuntamientodeharia.com\/haria\/wp-json\/wp\/v2\/categories?post=1965"},{"taxonomy":"post_tag","embeddable":true,"href":"https:\/\/www.ayuntamientodeharia.com\/haria\/wp-json\/wp\/v2\/tags?post=1965"}],"curies":[{"name":"wp","href":"https:\/\/api.w.org\/{rel}","templated":true}]}}