{"id":19649,"date":"2020-10-24T12:17:53","date_gmt":"2020-10-24T12:17:53","guid":{"rendered":"https:\/\/www.ayuntamientodeharia.com\/haria\/?p=19649"},"modified":"2020-10-24T12:17:53","modified_gmt":"2020-10-24T12:17:53","slug":"se-reanuda-la-actividad-en-la-escuela-municipal-de-circo","status":"publish","type":"post","link":"https:\/\/www.ayuntamientodeharia.com\/haria\/se-reanuda-la-actividad-en-la-escuela-municipal-de-circo\/","title":{"rendered":"Se reanuda la actividad en la Escuela Municipal de Circo"},"content":{"rendered":"<p>La Escuela Municipal de Circo de Har\u00eda, dependiente de la Concejal\u00eda de Juventud, que coordina Celestino Socas, reanuda las clases de circo a\u00e9reo y acrobacias, que comenzar\u00e1n a impartirse todos los s\u00e1bado, a partir del 24 de octubre, de 10:00 a 12:00 horas, en la playa de La Garita de Arrieta.<\/p>\n<p>Los j\u00f3venes interesados pueden acudir al lugar de impartici\u00f3n de las clases y realizar la inscripci\u00f3n.<\/p>\n<p>Para poder desarrollar la actividad con las garant\u00edas sanitarias y de seguridad establecidas por la Consejer\u00eda de Sanidad del Gobierno de Canarias para al control de la pandemia provocada por la COVID-19, los participantes tienen que hacer\u00a0uso de la mascarilla obligatoria\u00a0a la llegada al punto de encuentro y siempre y cuando no se guarde la distancia de seguridad de 1,5\u00a0metros.<\/p>\n<p>M\u00e1s informaci\u00f3n en la web\u00a0<a href=\"http:\/\/www.juventudharia.es\/\">www.juventudharia.es<\/a>, enviando un correo electr\u00f3nico a\u00a0<a href=\"mailto:juventud@ayuntamientodeharia.com\">juventud@ayuntamientodeharia.com<\/a>\u00a0o\u00a0llamando al tel\u00e9fono 637 89 35 35.<\/p>\n","protected":false},"excerpt":{"rendered":"<p>La Escuela Municipal de Circo de Har\u00eda, dependiente de la Concejal\u00eda de Juventud, que coordina Celestino Socas, reanuda las clases de circo a\u00e9reo y acrobacias, que comenzar\u00e1n a impartirse todos los s\u00e1bado, a partir del 24 de octubre, de 10:00 a 12:00 horas, en la playa de La Garita de Arrieta. Los j\u00f3venes interesados pueden [&hellip;]<\/p>\n","protected":false},"author":7,"featured_media":7692,"comment_status":"closed","ping_status":"closed","sticky":false,"template":"","format":"standard","meta":{"footnotes":""},"categories":[11,25],"tags":[],"class_list":["post-19649","post","type-post","status-publish","format-standard","has-post-thumbnail","hentry","category-hoja-de-haria","category-juventud"],"_links":{"self":[{"href":"https:\/\/www.ayuntamientodeharia.com\/haria\/wp-json\/wp\/v2\/posts\/19649","targetHints":{"allow":["GET"]}}],"collection":[{"href":"https:\/\/www.ayuntamientodeharia.com\/haria\/wp-json\/wp\/v2\/posts"}],"about":[{"href":"https:\/\/www.ayuntamientodeharia.com\/haria\/wp-json\/wp\/v2\/types\/post"}],"author":[{"embeddable":true,"href":"https:\/\/www.ayuntamientodeharia.com\/haria\/wp-json\/wp\/v2\/users\/7"}],"replies":[{"embeddable":true,"href":"https:\/\/www.ayuntamientodeharia.com\/haria\/wp-json\/wp\/v2\/comments?post=19649"}],"version-history":[{"count":1,"href":"https:\/\/www.ayuntamientodeharia.com\/haria\/wp-json\/wp\/v2\/posts\/19649\/revisions"}],"predecessor-version":[{"id":19650,"href":"https:\/\/www.ayuntamientodeharia.com\/haria\/wp-json\/wp\/v2\/posts\/19649\/revisions\/19650"}],"wp:featuredmedia":[{"embeddable":true,"href":"https:\/\/www.ayuntamientodeharia.com\/haria\/wp-json\/wp\/v2\/media\/7692"}],"wp:attachment":[{"href":"https:\/\/www.ayuntamientodeharia.com\/haria\/wp-json\/wp\/v2\/media?parent=19649"}],"wp:term":[{"taxonomy":"category","embeddable":true,"href":"https:\/\/www.ayuntamientodeharia.com\/haria\/wp-json\/wp\/v2\/categories?post=19649"},{"taxonomy":"post_tag","embeddable":true,"href":"https:\/\/www.ayuntamientodeharia.com\/haria\/wp-json\/wp\/v2\/tags?post=19649"}],"curies":[{"name":"wp","href":"https:\/\/api.w.org\/{rel}","templated":true}]}}