{"id":1963,"date":"2015-07-17T11:35:38","date_gmt":"2015-07-17T11:35:38","guid":{"rendered":"http:\/\/www.ayuntamientodeharia.com\/haria\/?p=1963"},"modified":"2015-07-17T11:35:38","modified_gmt":"2015-07-17T11:35:38","slug":"cortes-intermitentes-de-la-circulacion-de-orzola-para-el-repintado-de-las-calles","status":"publish","type":"post","link":"https:\/\/www.ayuntamientodeharia.com\/haria\/cortes-intermitentes-de-la-circulacion-de-orzola-para-el-repintado-de-las-calles\/","title":{"rendered":"Cortes intermitentes de la circulaci\u00f3n de \u00d3rzola para el repintado de las calles"},"content":{"rendered":"<p><a href=\"http:\/\/www.ayuntamientodeharia.com\/haria\/wp-content\/uploads\/2015\/07\/hoja_759-maguez.jpg\"><img fetchpriority=\"high\" decoding=\"async\" class=\"alignleft size-medium wp-image-1950\" src=\"http:\/\/www.ayuntamientodeharia.com\/haria\/wp-content\/uploads\/2015\/07\/hoja_759-maguez-300x281.jpg\" alt=\"hoja_759 maguez\" width=\"300\" height=\"281\" srcset=\"https:\/\/www.ayuntamientodeharia.com\/haria\/wp-content\/uploads\/2015\/07\/hoja_759-maguez-300x281.jpg 300w, https:\/\/www.ayuntamientodeharia.com\/haria\/wp-content\/uploads\/2015\/07\/hoja_759-maguez-1024x960.jpg 1024w, https:\/\/www.ayuntamientodeharia.com\/haria\/wp-content\/uploads\/2015\/07\/hoja_759-maguez.jpg 1206w\" sizes=\"(max-width: 300px) 100vw, 300px\" \/><\/a>El Ayuntamiento de Har\u00eda va a proceder a pintar los pasos de peatones y la zonas azules de las calles La Quemadita, El Embarcadero, El Jablillo, Charco de la Novia, Pe\u00f1a de La Pardela, Pe\u00f1a Hendida y Los Fariones del pueblo de \u00d3rzola los d\u00edas 21 y 22 de julio, de 8:00 a 20:00 horas.<\/p>\n<p>&nbsp;<\/p>\n<p>Por este motivo se producir\u00e1n cortes intermitentes en la circulaci\u00f3n de veh\u00edculos que transiten por las v\u00edas se\u00f1aladas.<\/p>\n<p>&nbsp;<\/p>\n<p>Desde el Consistorio se pide disculpas a los vecinos de \u00d3rzola por los inconvenientes que el acondicionamiento de la se\u00f1alizaci\u00f3n vial les pueda ocasionar.<\/p>\n","protected":false},"excerpt":{"rendered":"<p>El Ayuntamiento de Har\u00eda va a proceder a pintar los pasos de peatones y la zonas azules de las calles La Quemadita, El Embarcadero, El Jablillo, Charco de la Novia, Pe\u00f1a de La Pardela, Pe\u00f1a Hendida y Los Fariones del pueblo de \u00d3rzola los d\u00edas 21 y 22 de julio, de 8:00 a 20:00 horas. [&hellip;]<\/p>\n","protected":false},"author":2,"featured_media":0,"comment_status":"closed","ping_status":"closed","sticky":false,"template":"","format":"standard","meta":{"footnotes":""},"categories":[11,23],"tags":[],"class_list":["post-1963","post","type-post","status-publish","format-standard","hentry","category-hoja-de-haria","category-obras-y-servicios"],"_links":{"self":[{"href":"https:\/\/www.ayuntamientodeharia.com\/haria\/wp-json\/wp\/v2\/posts\/1963","targetHints":{"allow":["GET"]}}],"collection":[{"href":"https:\/\/www.ayuntamientodeharia.com\/haria\/wp-json\/wp\/v2\/posts"}],"about":[{"href":"https:\/\/www.ayuntamientodeharia.com\/haria\/wp-json\/wp\/v2\/types\/post"}],"author":[{"embeddable":true,"href":"https:\/\/www.ayuntamientodeharia.com\/haria\/wp-json\/wp\/v2\/users\/2"}],"replies":[{"embeddable":true,"href":"https:\/\/www.ayuntamientodeharia.com\/haria\/wp-json\/wp\/v2\/comments?post=1963"}],"version-history":[{"count":0,"href":"https:\/\/www.ayuntamientodeharia.com\/haria\/wp-json\/wp\/v2\/posts\/1963\/revisions"}],"wp:attachment":[{"href":"https:\/\/www.ayuntamientodeharia.com\/haria\/wp-json\/wp\/v2\/media?parent=1963"}],"wp:term":[{"taxonomy":"category","embeddable":true,"href":"https:\/\/www.ayuntamientodeharia.com\/haria\/wp-json\/wp\/v2\/categories?post=1963"},{"taxonomy":"post_tag","embeddable":true,"href":"https:\/\/www.ayuntamientodeharia.com\/haria\/wp-json\/wp\/v2\/tags?post=1963"}],"curies":[{"name":"wp","href":"https:\/\/api.w.org\/{rel}","templated":true}]}}