{"id":1959,"date":"2015-07-17T11:33:07","date_gmt":"2015-07-17T11:33:07","guid":{"rendered":"http:\/\/www.ayuntamientodeharia.com\/haria\/?p=1959"},"modified":"2015-07-17T11:33:07","modified_gmt":"2015-07-17T11:33:07","slug":"reunion-con-los-vecinos-de-punta-mujeres-2","status":"publish","type":"post","link":"https:\/\/www.ayuntamientodeharia.com\/haria\/reunion-con-los-vecinos-de-punta-mujeres-2\/","title":{"rendered":"Reuni\u00f3n con los vecinos de Punta Mujeres"},"content":{"rendered":"<p>La concejal de Fiestas, Soraya Brito Navarro, convoca a los vecinos y vecinas del pueblo de Punta Mujeres a una reuni\u00f3n de trabajo para programar y organizar los actos de las Fiestas de Nuestra Se\u00f1ora del Pino. Tendr\u00e1 lugar el lunes, 20 de julio, a las 20:30 horas, en el sal\u00f3n de Centro Sociocultural El Marinero.<\/p>\n","protected":false},"excerpt":{"rendered":"<p>La concejal de Fiestas, Soraya Brito Navarro, convoca a los vecinos y vecinas del pueblo de Punta Mujeres a una reuni\u00f3n de trabajo para programar y organizar los actos de las Fiestas de Nuestra Se\u00f1ora del Pino. Tendr\u00e1 lugar el lunes, 20 de julio, a las 20:30 horas, en el sal\u00f3n de Centro Sociocultural El [&hellip;]<\/p>\n","protected":false},"author":2,"featured_media":0,"comment_status":"closed","ping_status":"closed","sticky":false,"template":"","format":"standard","meta":{"footnotes":""},"categories":[32,11],"tags":[],"class_list":["post-1959","post","type-post","status-publish","format-standard","hentry","category-anuncios","category-hoja-de-haria"],"_links":{"self":[{"href":"https:\/\/www.ayuntamientodeharia.com\/haria\/wp-json\/wp\/v2\/posts\/1959","targetHints":{"allow":["GET"]}}],"collection":[{"href":"https:\/\/www.ayuntamientodeharia.com\/haria\/wp-json\/wp\/v2\/posts"}],"about":[{"href":"https:\/\/www.ayuntamientodeharia.com\/haria\/wp-json\/wp\/v2\/types\/post"}],"author":[{"embeddable":true,"href":"https:\/\/www.ayuntamientodeharia.com\/haria\/wp-json\/wp\/v2\/users\/2"}],"replies":[{"embeddable":true,"href":"https:\/\/www.ayuntamientodeharia.com\/haria\/wp-json\/wp\/v2\/comments?post=1959"}],"version-history":[{"count":0,"href":"https:\/\/www.ayuntamientodeharia.com\/haria\/wp-json\/wp\/v2\/posts\/1959\/revisions"}],"wp:attachment":[{"href":"https:\/\/www.ayuntamientodeharia.com\/haria\/wp-json\/wp\/v2\/media?parent=1959"}],"wp:term":[{"taxonomy":"category","embeddable":true,"href":"https:\/\/www.ayuntamientodeharia.com\/haria\/wp-json\/wp\/v2\/categories?post=1959"},{"taxonomy":"post_tag","embeddable":true,"href":"https:\/\/www.ayuntamientodeharia.com\/haria\/wp-json\/wp\/v2\/tags?post=1959"}],"curies":[{"name":"wp","href":"https:\/\/api.w.org\/{rel}","templated":true}]}}