{"id":1957,"date":"2015-07-17T11:32:26","date_gmt":"2015-07-17T11:32:26","guid":{"rendered":"http:\/\/www.ayuntamientodeharia.com\/haria\/?p=1957"},"modified":"2015-07-17T11:32:26","modified_gmt":"2015-07-17T11:32:26","slug":"nota-de-agradecimiento","status":"publish","type":"post","link":"https:\/\/www.ayuntamientodeharia.com\/haria\/nota-de-agradecimiento\/","title":{"rendered":"Nota de agradecimiento"},"content":{"rendered":"<p>Las familias Romero Peraza y Romero Fern\u00e1ndez quieren agradecer al equipo de Paliativos del Hospital Dr. Jos\u00e9 Molina Orosa, al personal sanitario del Centro de Salud de Har\u00eda y al Servicio de Ayuda a Domicilio del Ayuntamiento de Har\u00eda el cari\u00f1o y la atenci\u00f3n prestada a do\u00f1a Leovigilda Peraza Betancor.<\/p>\n","protected":false},"excerpt":{"rendered":"<p>Las familias Romero Peraza y Romero Fern\u00e1ndez quieren agradecer al equipo de Paliativos del Hospital Dr. Jos\u00e9 Molina Orosa, al personal sanitario del Centro de Salud de Har\u00eda y al Servicio de Ayuda a Domicilio del Ayuntamiento de Har\u00eda el cari\u00f1o y la atenci\u00f3n prestada a do\u00f1a Leovigilda Peraza Betancor.<\/p>\n","protected":false},"author":2,"featured_media":0,"comment_status":"closed","ping_status":"closed","sticky":false,"template":"","format":"standard","meta":{"footnotes":""},"categories":[11],"tags":[],"class_list":["post-1957","post","type-post","status-publish","format-standard","hentry","category-hoja-de-haria"],"_links":{"self":[{"href":"https:\/\/www.ayuntamientodeharia.com\/haria\/wp-json\/wp\/v2\/posts\/1957","targetHints":{"allow":["GET"]}}],"collection":[{"href":"https:\/\/www.ayuntamientodeharia.com\/haria\/wp-json\/wp\/v2\/posts"}],"about":[{"href":"https:\/\/www.ayuntamientodeharia.com\/haria\/wp-json\/wp\/v2\/types\/post"}],"author":[{"embeddable":true,"href":"https:\/\/www.ayuntamientodeharia.com\/haria\/wp-json\/wp\/v2\/users\/2"}],"replies":[{"embeddable":true,"href":"https:\/\/www.ayuntamientodeharia.com\/haria\/wp-json\/wp\/v2\/comments?post=1957"}],"version-history":[{"count":0,"href":"https:\/\/www.ayuntamientodeharia.com\/haria\/wp-json\/wp\/v2\/posts\/1957\/revisions"}],"wp:attachment":[{"href":"https:\/\/www.ayuntamientodeharia.com\/haria\/wp-json\/wp\/v2\/media?parent=1957"}],"wp:term":[{"taxonomy":"category","embeddable":true,"href":"https:\/\/www.ayuntamientodeharia.com\/haria\/wp-json\/wp\/v2\/categories?post=1957"},{"taxonomy":"post_tag","embeddable":true,"href":"https:\/\/www.ayuntamientodeharia.com\/haria\/wp-json\/wp\/v2\/tags?post=1957"}],"curies":[{"name":"wp","href":"https:\/\/api.w.org\/{rel}","templated":true}]}}