{"id":1955,"date":"2015-07-17T11:31:07","date_gmt":"2015-07-17T11:31:07","guid":{"rendered":"http:\/\/www.ayuntamientodeharia.com\/haria\/?p=1955"},"modified":"2015-07-17T11:31:07","modified_gmt":"2015-07-17T11:31:07","slug":"el-ayuntamiento-colabora-con-el-proyecto-escachar-y-reciclar","status":"publish","type":"post","link":"https:\/\/www.ayuntamientodeharia.com\/haria\/el-ayuntamiento-colabora-con-el-proyecto-escachar-y-reciclar\/","title":{"rendered":"El Ayuntamiento colabora con el proyecto \u2018Escachar y Reciclar\u2019"},"content":{"rendered":"<p><a href=\"http:\/\/www.ayuntamientodeharia.com\/haria\/wp-content\/uploads\/2015\/07\/hoja_759-reciclar.jpg\"><img fetchpriority=\"high\" decoding=\"async\" class=\"alignleft size-medium wp-image-1945\" src=\"http:\/\/www.ayuntamientodeharia.com\/haria\/wp-content\/uploads\/2015\/07\/hoja_759-reciclar-236x300.jpg\" alt=\"hoja_759 reciclar\" width=\"236\" height=\"300\" srcset=\"https:\/\/www.ayuntamientodeharia.com\/haria\/wp-content\/uploads\/2015\/07\/hoja_759-reciclar-236x300.jpg 236w, https:\/\/www.ayuntamientodeharia.com\/haria\/wp-content\/uploads\/2015\/07\/hoja_759-reciclar.jpg 647w\" sizes=\"(max-width: 236px) 100vw, 236px\" \/><\/a>El Ayuntamiento de Har\u00eda, a trav\u00e9s de la Concejal\u00eda de Medio Ambiente, se suma a la campa\u00f1a \u2018Escachar y Reciclar\u2019, organizada por el Cabildo de Lanzarote, a trav\u00e9s de Lanzarote Recicla y la empresa Ecoembes.<\/p>\n<p>&nbsp;<\/p>\n<p>El objetivo es concienciar a la poblaci\u00f3n sobre la necesidad de aprovechar y optimizar el espacio de los contenedores de reciclaje. En esta ocasi\u00f3n, la campa\u00f1a est\u00e1 dirigida al uso correcto de los contenedores de pl\u00e1stico, latas y bricks mediante el escachado de los envases antes de depositarlos en los contenedores correspondientes.<\/p>\n","protected":false},"excerpt":{"rendered":"<p>El Ayuntamiento de Har\u00eda, a trav\u00e9s de la Concejal\u00eda de Medio Ambiente, se suma a la campa\u00f1a \u2018Escachar y Reciclar\u2019, organizada por el Cabildo de Lanzarote, a trav\u00e9s de Lanzarote Recicla y la empresa Ecoembes. &nbsp; El objetivo es concienciar a la poblaci\u00f3n sobre la necesidad de aprovechar y optimizar el espacio de los contenedores [&hellip;]<\/p>\n","protected":false},"author":2,"featured_media":0,"comment_status":"closed","ping_status":"closed","sticky":false,"template":"","format":"standard","meta":{"footnotes":""},"categories":[11,51],"tags":[],"class_list":["post-1955","post","type-post","status-publish","format-standard","hentry","category-hoja-de-haria","category-medioambiente"],"_links":{"self":[{"href":"https:\/\/www.ayuntamientodeharia.com\/haria\/wp-json\/wp\/v2\/posts\/1955","targetHints":{"allow":["GET"]}}],"collection":[{"href":"https:\/\/www.ayuntamientodeharia.com\/haria\/wp-json\/wp\/v2\/posts"}],"about":[{"href":"https:\/\/www.ayuntamientodeharia.com\/haria\/wp-json\/wp\/v2\/types\/post"}],"author":[{"embeddable":true,"href":"https:\/\/www.ayuntamientodeharia.com\/haria\/wp-json\/wp\/v2\/users\/2"}],"replies":[{"embeddable":true,"href":"https:\/\/www.ayuntamientodeharia.com\/haria\/wp-json\/wp\/v2\/comments?post=1955"}],"version-history":[{"count":0,"href":"https:\/\/www.ayuntamientodeharia.com\/haria\/wp-json\/wp\/v2\/posts\/1955\/revisions"}],"wp:attachment":[{"href":"https:\/\/www.ayuntamientodeharia.com\/haria\/wp-json\/wp\/v2\/media?parent=1955"}],"wp:term":[{"taxonomy":"category","embeddable":true,"href":"https:\/\/www.ayuntamientodeharia.com\/haria\/wp-json\/wp\/v2\/categories?post=1955"},{"taxonomy":"post_tag","embeddable":true,"href":"https:\/\/www.ayuntamientodeharia.com\/haria\/wp-json\/wp\/v2\/tags?post=1955"}],"curies":[{"name":"wp","href":"https:\/\/api.w.org\/{rel}","templated":true}]}}