{"id":19271,"date":"2020-07-24T11:09:10","date_gmt":"2020-07-24T11:09:10","guid":{"rendered":"https:\/\/www.ayuntamientodeharia.com\/haria\/?p=19271"},"modified":"2020-07-24T11:09:24","modified_gmt":"2020-07-24T11:09:24","slug":"el-ayuntamiento-muestra-su-pesar-por-la-mujer-asesinada-en-tenerife","status":"publish","type":"post","link":"https:\/\/www.ayuntamientodeharia.com\/haria\/el-ayuntamiento-muestra-su-pesar-por-la-mujer-asesinada-en-tenerife\/","title":{"rendered":"El Ayuntamiento muestra su pesar por la mujer asesinada en Tenerife"},"content":{"rendered":"<p>El Ayuntamiento de Har\u00eda se sum\u00f3 este jueves, 23 de julio, al minuto de silencio propuesto por la Fecam en memoria de la mujer asesinada el pasado lunes en el municipio tinerfe\u00f1o de Santa \u00darsula.<\/p>\n<p>As\u00ed, trabajadores y responsables p\u00fabicos del Consistorio norte\u00f1o trasladaron su condena y repulsa por un nuevo caso de violencia de g\u00e9nero, sum\u00e1ndose a un gran n\u00famero de instituciones locales y regionales de todo el Archipi\u00e9lago.<\/p>\n<p>El alcalde de Har\u00eda, Alfredo Villalba, en nombre de toda la Corporaci\u00f3n municipal, expres\u00f3 sus\u00a0condolencias a los familiares y allegados de la v\u00edctima, se\u00f1alando que &#8220;debemos acabar entre todos con la lacra de la violencia de g\u00e9nero para avanzar como sociedad&#8221;.<\/p>\n<p>Con este caso se\u00a0eleva el n\u00famero de mujeres asesinadas en Espa\u00f1a por violencia de g\u00e9nero a 24 en 2020 y a 1.057 desde que se empezaron a contabilizar, en el a\u00f1o 2003.<\/p>\n","protected":false},"excerpt":{"rendered":"<p>El Ayuntamiento de Har\u00eda se sum\u00f3 este jueves, 23 de julio, al minuto de silencio propuesto por la Fecam en memoria de la mujer asesinada el pasado lunes en el municipio tinerfe\u00f1o de Santa \u00darsula. As\u00ed, trabajadores y responsables p\u00fabicos del Consistorio norte\u00f1o trasladaron su condena y repulsa por un nuevo caso de violencia de [&hellip;]<\/p>\n","protected":false},"author":7,"featured_media":19272,"comment_status":"closed","ping_status":"closed","sticky":false,"template":"","format":"standard","meta":{"footnotes":""},"categories":[73,187,425,11,30],"tags":[],"class_list":["post-19271","post","type-post","status-publish","format-standard","has-post-thumbnail","hentry","category-alcaldia","category-bienestar-social","category-destacado","category-hoja-de-haria","category-igualdad"],"_links":{"self":[{"href":"https:\/\/www.ayuntamientodeharia.com\/haria\/wp-json\/wp\/v2\/posts\/19271","targetHints":{"allow":["GET"]}}],"collection":[{"href":"https:\/\/www.ayuntamientodeharia.com\/haria\/wp-json\/wp\/v2\/posts"}],"about":[{"href":"https:\/\/www.ayuntamientodeharia.com\/haria\/wp-json\/wp\/v2\/types\/post"}],"author":[{"embeddable":true,"href":"https:\/\/www.ayuntamientodeharia.com\/haria\/wp-json\/wp\/v2\/users\/7"}],"replies":[{"embeddable":true,"href":"https:\/\/www.ayuntamientodeharia.com\/haria\/wp-json\/wp\/v2\/comments?post=19271"}],"version-history":[{"count":1,"href":"https:\/\/www.ayuntamientodeharia.com\/haria\/wp-json\/wp\/v2\/posts\/19271\/revisions"}],"predecessor-version":[{"id":19273,"href":"https:\/\/www.ayuntamientodeharia.com\/haria\/wp-json\/wp\/v2\/posts\/19271\/revisions\/19273"}],"wp:featuredmedia":[{"embeddable":true,"href":"https:\/\/www.ayuntamientodeharia.com\/haria\/wp-json\/wp\/v2\/media\/19272"}],"wp:attachment":[{"href":"https:\/\/www.ayuntamientodeharia.com\/haria\/wp-json\/wp\/v2\/media?parent=19271"}],"wp:term":[{"taxonomy":"category","embeddable":true,"href":"https:\/\/www.ayuntamientodeharia.com\/haria\/wp-json\/wp\/v2\/categories?post=19271"},{"taxonomy":"post_tag","embeddable":true,"href":"https:\/\/www.ayuntamientodeharia.com\/haria\/wp-json\/wp\/v2\/tags?post=19271"}],"curies":[{"name":"wp","href":"https:\/\/api.w.org\/{rel}","templated":true}]}}