{"id":19132,"date":"2020-06-28T08:49:26","date_gmt":"2020-06-28T08:49:26","guid":{"rendered":"https:\/\/www.ayuntamientodeharia.com\/haria\/?p=19132"},"modified":"2020-06-28T08:49:26","modified_gmt":"2020-06-28T08:49:26","slug":"corte-en-la-calle-la-hoya","status":"publish","type":"post","link":"https:\/\/www.ayuntamientodeharia.com\/haria\/corte-en-la-calle-la-hoya\/","title":{"rendered":"Corte en la calle La Hoya"},"content":{"rendered":"<p>El Ayuntamiento informa de que este lunes, 29 de junio, se cerrar\u00e1 la calle La Hoya por la reparaci\u00f3n de la l\u00ednea de agua.<\/p>\n<p>Se realizar\u00e1 un desv\u00edo en la calle San Juan hacia la calle Las Eras, a la altura de la estatua, dejando la calle Fajardo de sentido \u00fanico en direcci\u00f3n a la calle San Juan.<\/p>\n<p>Disculpen las molestias.<\/p>\n","protected":false},"excerpt":{"rendered":"<p>El Ayuntamiento informa de que este lunes, 29 de junio, se cerrar\u00e1 la calle La Hoya por la reparaci\u00f3n de la l\u00ednea de agua. Se realizar\u00e1 un desv\u00edo en la calle San Juan hacia la calle Las Eras, a la altura de la estatua, dejando la calle Fajardo de sentido \u00fanico en direcci\u00f3n a la [&hellip;]<\/p>\n","protected":false},"author":7,"featured_media":1430,"comment_status":"closed","ping_status":"closed","sticky":false,"template":"","format":"standard","meta":{"footnotes":""},"categories":[32],"tags":[],"class_list":["post-19132","post","type-post","status-publish","format-standard","has-post-thumbnail","hentry","category-anuncios"],"_links":{"self":[{"href":"https:\/\/www.ayuntamientodeharia.com\/haria\/wp-json\/wp\/v2\/posts\/19132","targetHints":{"allow":["GET"]}}],"collection":[{"href":"https:\/\/www.ayuntamientodeharia.com\/haria\/wp-json\/wp\/v2\/posts"}],"about":[{"href":"https:\/\/www.ayuntamientodeharia.com\/haria\/wp-json\/wp\/v2\/types\/post"}],"author":[{"embeddable":true,"href":"https:\/\/www.ayuntamientodeharia.com\/haria\/wp-json\/wp\/v2\/users\/7"}],"replies":[{"embeddable":true,"href":"https:\/\/www.ayuntamientodeharia.com\/haria\/wp-json\/wp\/v2\/comments?post=19132"}],"version-history":[{"count":1,"href":"https:\/\/www.ayuntamientodeharia.com\/haria\/wp-json\/wp\/v2\/posts\/19132\/revisions"}],"predecessor-version":[{"id":19133,"href":"https:\/\/www.ayuntamientodeharia.com\/haria\/wp-json\/wp\/v2\/posts\/19132\/revisions\/19133"}],"wp:featuredmedia":[{"embeddable":true,"href":"https:\/\/www.ayuntamientodeharia.com\/haria\/wp-json\/wp\/v2\/media\/1430"}],"wp:attachment":[{"href":"https:\/\/www.ayuntamientodeharia.com\/haria\/wp-json\/wp\/v2\/media?parent=19132"}],"wp:term":[{"taxonomy":"category","embeddable":true,"href":"https:\/\/www.ayuntamientodeharia.com\/haria\/wp-json\/wp\/v2\/categories?post=19132"},{"taxonomy":"post_tag","embeddable":true,"href":"https:\/\/www.ayuntamientodeharia.com\/haria\/wp-json\/wp\/v2\/tags?post=19132"}],"curies":[{"name":"wp","href":"https:\/\/api.w.org\/{rel}","templated":true}]}}