{"id":19087,"date":"2020-06-23T13:11:59","date_gmt":"2020-06-23T13:11:59","guid":{"rendered":"https:\/\/www.ayuntamientodeharia.com\/haria\/?p=19087"},"modified":"2020-06-26T18:01:33","modified_gmt":"2020-06-26T18:01:33","slug":"haria-indulta-a-don-facundo-que-no-sera-quemado-en-la-hoguera-de-san-juan","status":"publish","type":"post","link":"https:\/\/www.ayuntamientodeharia.com\/haria\/haria-indulta-a-don-facundo-que-no-sera-quemado-en-la-hoguera-de-san-juan\/","title":{"rendered":"Har\u00eda indulta a Don Facundo, que no ser\u00e1 quemado en la hoguera de San Juan"},"content":{"rendered":"<p>El alcalde de Har\u00eda, Alfredo Villalba, ha firmado el indulto a Don Facundo, que este a\u00f1o, y por primera vez en su historia, no arder\u00e1 en la tradicional hoguera de la noche m\u00e1gica de San Juan, como s\u00edmbolo de la quema de los malos augurios, junto a la Danza del Fuego protagonizada por los Diablos de Har\u00eda.<\/p>\n<p><!--more--><\/p>\n<p>Debido a las circunstancias actuales y ante las medidas de seguridad decretadas por la pandemia de la COVID-19, el Ayuntamiento norte\u00f1o ha suspendido la hoguera municipal, reduciendo adem\u00e1s considerablemente el programa de fiestas en honor a San Juan Bautista, que se realiza adem\u00e1s de forma online.<\/p>\n<p>A pesar de ello, los vecinos de Har\u00eda han continuado con la tradici\u00f3n de cuidar y pasear a Don Facundo durante toda esta semana por distintos puntos emblem\u00e1ticos del pueblo, manteniendo vivo, en la medida de lo posible, el esp\u00edritu sanjuanero del norte de la Isla.<\/p>\n<p>\u201cEl indulto del popular mu\u00f1eco es una medida excepcional, por lo que desde el Consistorio esperamos retomar el pr\u00f3ximo a\u00f1o una tradici\u00f3n tan antigua en nuestro municipio, que supone todo un atractivo para residentes y visitantes\u201d, ha se\u00f1alado el primer edil.<\/p>\n<p><strong>Historia de la quema de Facundo<\/strong><\/p>\n<p>A finales de los a\u00f1os de 1960 nace el germen de la imagen de Don Facundo en Har\u00eda por iniciativa vecinal y representando todo lo malo que terminar\u00e1 extingui\u00e9ndose en la hoguera la v\u00edspera de San Juan, patr\u00f3n del municipio.<\/p>\n<p>Antes sol\u00edan quemarse los trastos viejos y restos de maderas y de le\u00f1a en algunos lugares del pueblo de Har\u00eda, en el atardecer o noche de San Juan, el d\u00eda 23 de junio de cada a\u00f1o, estando uno de ellos ubicado en el Barranco de Har\u00eda, frente al Mercado Municipal de Abastos, y se hac\u00eda con la intenci\u00f3n de ahuyentar los malos esp\u00edritus.<\/p>\n<p>Ya con la intervenci\u00f3n del Ayuntamiento, desde principios de los a\u00f1os de 1970 se le puso el nombre de Facundo, porque sencillamente cay\u00f3 en gracia a los miembros de la Comisi\u00f3n de Fiestas de entonces.<\/p>\n<p>A comienzo de los a\u00f1os de 1990, un grupo de j\u00f3venes del pueblo introdujo una especie de Diabletes, que trepaban ante luces y centelleos, por paredes altas y peligrosas, sorprendiendo a residentes y for\u00e1neos. Esta pr\u00e1ctica se fue afianzando y progresando y se le puso el definitivo nombre de La Danza del Fuego.<\/p>\n<p><img fetchpriority=\"high\" decoding=\"async\" class=\"alignleft wp-image-19089 size-medium\" src=\"https:\/\/www.ayuntamientodeharia.com\/haria\/wp-content\/uploads\/2020\/06\/Indulto-Facundo-1-294x450.jpeg\" alt=\"\" width=\"294\" height=\"450\" srcset=\"https:\/\/www.ayuntamientodeharia.com\/haria\/wp-content\/uploads\/2020\/06\/Indulto-Facundo-1-294x450.jpeg 294w, https:\/\/www.ayuntamientodeharia.com\/haria\/wp-content\/uploads\/2020\/06\/Indulto-Facundo-1-677x1038.jpeg 677w, https:\/\/www.ayuntamientodeharia.com\/haria\/wp-content\/uploads\/2020\/06\/Indulto-Facundo-1-768x1177.jpeg 768w, https:\/\/www.ayuntamientodeharia.com\/haria\/wp-content\/uploads\/2020\/06\/Indulto-Facundo-1-73x112.jpeg 73w, https:\/\/www.ayuntamientodeharia.com\/haria\/wp-content\/uploads\/2020\/06\/Indulto-Facundo-1.jpeg 900w\" sizes=\"(max-width: 294px) 100vw, 294px\" \/> <img decoding=\"async\" class=\"alignleft wp-image-19090 size-medium\" src=\"https:\/\/www.ayuntamientodeharia.com\/haria\/wp-content\/uploads\/2020\/06\/Indulto-Facundo-2-338x450.jpeg\" alt=\"\" width=\"338\" height=\"450\" srcset=\"https:\/\/www.ayuntamientodeharia.com\/haria\/wp-content\/uploads\/2020\/06\/Indulto-Facundo-2-338x450.jpeg 338w, https:\/\/www.ayuntamientodeharia.com\/haria\/wp-content\/uploads\/2020\/06\/Indulto-Facundo-2-779x1038.jpeg 779w, https:\/\/www.ayuntamientodeharia.com\/haria\/wp-content\/uploads\/2020\/06\/Indulto-Facundo-2-768x1024.jpeg 768w, https:\/\/www.ayuntamientodeharia.com\/haria\/wp-content\/uploads\/2020\/06\/Indulto-Facundo-2-84x112.jpeg 84w, https:\/\/www.ayuntamientodeharia.com\/haria\/wp-content\/uploads\/2020\/06\/Indulto-Facundo-2-1152x1536.jpeg 1152w, https:\/\/www.ayuntamientodeharia.com\/haria\/wp-content\/uploads\/2020\/06\/Indulto-Facundo-2.jpeg 1200w\" sizes=\"(max-width: 338px) 100vw, 338px\" \/><\/p>\n<p>&nbsp;<\/p>\n","protected":false},"excerpt":{"rendered":"<p>El alcalde de Har\u00eda, Alfredo Villalba, ha firmado el indulto a Don Facundo, que este a\u00f1o, y por primera vez en su historia, no arder\u00e1 en la tradicional hoguera de la noche m\u00e1gica de San Juan, como s\u00edmbolo de la quema de los malos augurios, junto a la Danza del Fuego protagonizada por los Diablos [&hellip;]<\/p>\n","protected":false},"author":7,"featured_media":19088,"comment_status":"closed","ping_status":"closed","sticky":false,"template":"","format":"standard","meta":{"footnotes":""},"categories":[73,16,425,15,11],"tags":[],"class_list":["post-19087","post","type-post","status-publish","format-standard","has-post-thumbnail","hentry","category-alcaldia","category-cultura","category-destacado","category-festejos","category-hoja-de-haria"],"_links":{"self":[{"href":"https:\/\/www.ayuntamientodeharia.com\/haria\/wp-json\/wp\/v2\/posts\/19087","targetHints":{"allow":["GET"]}}],"collection":[{"href":"https:\/\/www.ayuntamientodeharia.com\/haria\/wp-json\/wp\/v2\/posts"}],"about":[{"href":"https:\/\/www.ayuntamientodeharia.com\/haria\/wp-json\/wp\/v2\/types\/post"}],"author":[{"embeddable":true,"href":"https:\/\/www.ayuntamientodeharia.com\/haria\/wp-json\/wp\/v2\/users\/7"}],"replies":[{"embeddable":true,"href":"https:\/\/www.ayuntamientodeharia.com\/haria\/wp-json\/wp\/v2\/comments?post=19087"}],"version-history":[{"count":1,"href":"https:\/\/www.ayuntamientodeharia.com\/haria\/wp-json\/wp\/v2\/posts\/19087\/revisions"}],"predecessor-version":[{"id":19091,"href":"https:\/\/www.ayuntamientodeharia.com\/haria\/wp-json\/wp\/v2\/posts\/19087\/revisions\/19091"}],"wp:featuredmedia":[{"embeddable":true,"href":"https:\/\/www.ayuntamientodeharia.com\/haria\/wp-json\/wp\/v2\/media\/19088"}],"wp:attachment":[{"href":"https:\/\/www.ayuntamientodeharia.com\/haria\/wp-json\/wp\/v2\/media?parent=19087"}],"wp:term":[{"taxonomy":"category","embeddable":true,"href":"https:\/\/www.ayuntamientodeharia.com\/haria\/wp-json\/wp\/v2\/categories?post=19087"},{"taxonomy":"post_tag","embeddable":true,"href":"https:\/\/www.ayuntamientodeharia.com\/haria\/wp-json\/wp\/v2\/tags?post=19087"}],"curies":[{"name":"wp","href":"https:\/\/api.w.org\/{rel}","templated":true}]}}