{"id":18521,"date":"2020-05-29T12:56:42","date_gmt":"2020-05-29T12:56:42","guid":{"rendered":"https:\/\/www.ayuntamientodeharia.com\/haria\/?p=18521"},"modified":"2020-05-29T12:57:02","modified_gmt":"2020-05-29T12:57:02","slug":"disfruta-de-las-playas-del-norte-con-responsabilidad","status":"publish","type":"post","link":"https:\/\/www.ayuntamientodeharia.com\/haria\/disfruta-de-las-playas-del-norte-con-responsabilidad\/","title":{"rendered":"Disfruta de las playas del Norte con responsabilidad"},"content":{"rendered":"<p>Con la entrada en la fase 2 de desescalada, el pasado lunes se abr\u00edan las playas de la Isla al ba\u00f1o, con una serie de normas y recomendaciones.<\/p>\n<p><!--more--><\/p>\n<p>El horario establecido de acceso a las playas es de 10:00 a 18:00 horas, con preferencia para los mayores de 70 a\u00f1os de 10:00 a 12:00. Asimismo, se debe respetar la distancia interpersonal de dos metros tanto en la arena como en el mar a excepci\u00f3n de las familias convivientes.<\/p>\n<p>&nbsp;<\/p>\n<p>Adem\u00e1s, se ha intensificado la vigilancia para que se cumpla con la separaci\u00f3n m\u00ednima entre los ba\u00f1istas y usuarios, tanto en el agua como en la arena. No est\u00e1 permitido ni el uso de ba\u00f1os p\u00fablicos, ni lavapi\u00e9s as\u00ed como el uso de hamacas o colchonetas.<\/p>\n<p>&nbsp;<\/p>\n<p>Cabe recordar que en la fase 2 de desescalada est\u00e1 permitido el paseo, ba\u00f1o y actividades acu\u00e1ticas con medidas alternativas de protecci\u00f3n f\u00edsica, de higiene de manos y de mascarilla. En todas las playas habr\u00e1 miembros de seguridad para aportar informaci\u00f3n o formalizar las quejas si hubiese infracci\u00f3n.<\/p>\n","protected":false},"excerpt":{"rendered":"<p>Con la entrada en la fase 2 de desescalada, el pasado lunes se abr\u00edan las playas de la Isla al ba\u00f1o, con una serie de normas y recomendaciones.<\/p>\n","protected":false},"author":7,"featured_media":18522,"comment_status":"closed","ping_status":"closed","sticky":false,"template":"","format":"standard","meta":{"footnotes":""},"categories":[11,81],"tags":[],"class_list":["post-18521","post","type-post","status-publish","format-standard","has-post-thumbnail","hentry","category-hoja-de-haria","category-municipio"],"_links":{"self":[{"href":"https:\/\/www.ayuntamientodeharia.com\/haria\/wp-json\/wp\/v2\/posts\/18521","targetHints":{"allow":["GET"]}}],"collection":[{"href":"https:\/\/www.ayuntamientodeharia.com\/haria\/wp-json\/wp\/v2\/posts"}],"about":[{"href":"https:\/\/www.ayuntamientodeharia.com\/haria\/wp-json\/wp\/v2\/types\/post"}],"author":[{"embeddable":true,"href":"https:\/\/www.ayuntamientodeharia.com\/haria\/wp-json\/wp\/v2\/users\/7"}],"replies":[{"embeddable":true,"href":"https:\/\/www.ayuntamientodeharia.com\/haria\/wp-json\/wp\/v2\/comments?post=18521"}],"version-history":[{"count":2,"href":"https:\/\/www.ayuntamientodeharia.com\/haria\/wp-json\/wp\/v2\/posts\/18521\/revisions"}],"predecessor-version":[{"id":18524,"href":"https:\/\/www.ayuntamientodeharia.com\/haria\/wp-json\/wp\/v2\/posts\/18521\/revisions\/18524"}],"wp:featuredmedia":[{"embeddable":true,"href":"https:\/\/www.ayuntamientodeharia.com\/haria\/wp-json\/wp\/v2\/media\/18522"}],"wp:attachment":[{"href":"https:\/\/www.ayuntamientodeharia.com\/haria\/wp-json\/wp\/v2\/media?parent=18521"}],"wp:term":[{"taxonomy":"category","embeddable":true,"href":"https:\/\/www.ayuntamientodeharia.com\/haria\/wp-json\/wp\/v2\/categories?post=18521"},{"taxonomy":"post_tag","embeddable":true,"href":"https:\/\/www.ayuntamientodeharia.com\/haria\/wp-json\/wp\/v2\/tags?post=18521"}],"curies":[{"name":"wp","href":"https:\/\/api.w.org\/{rel}","templated":true}]}}