{"id":18476,"date":"2020-05-22T11:57:43","date_gmt":"2020-05-22T11:57:43","guid":{"rendered":"https:\/\/www.ayuntamientodeharia.com\/haria\/?p=18476"},"modified":"2020-05-29T15:47:27","modified_gmt":"2020-05-29T15:47:27","slug":"se-eliminan-las-franjas-horarias-para-pasear-y-hacer-deporte-en-haria","status":"publish","type":"post","link":"https:\/\/www.ayuntamientodeharia.com\/haria\/se-eliminan-las-franjas-horarias-para-pasear-y-hacer-deporte-en-haria\/","title":{"rendered":"Se eliminan las franjas horarias para pasear y hacer deporte en Har\u00eda"},"content":{"rendered":"<p>El Ayuntamiento de Har\u00eda comunica que el BOE ha publicado finalmente este viernes la orden ministerial que\u00a0alivia las restricciones en los municipios de menos de 10.000 habitantes y densidad de poblaci\u00f3n inferior a 100 habitantes.\u00a0Por ello,\u00a0en el municipio norte\u00f1o las franjas para pasear y hacer deporte dejan de tener vigencia\u00a0y se permite estas actividades a cualquier hora durante el resto de fases de desescalada.<\/p>\n<p><!--more--><\/p>\n<p>&nbsp;<\/p>\n<p>Tambi\u00e9n dejar\u00e1n de tener efecto el\u00a0l\u00edmite de un adulto acompa\u00f1ando a un m\u00e1ximo de tres menores de 14, de modo que todos los convivientes podr\u00e1n salir a pasear juntos.<\/p>\n<p>&nbsp;<\/p>\n<p>Seg\u00fan recoge el BOE, las salidas se podr\u00e1n realizar tanto en\u00a0el t\u00e9rmino municipal o a una distancia m\u00e1xima de cinco kil\u00f3metros, incluyendo municipios adyacentes, siempre que se encuentren dentro del \u00e1mbito de aplicaci\u00f3n de esta orden y pertenezcan a la misma unidad territorial de referencia.<\/p>\n<p>&nbsp;<\/p>\n<p>La orden establece que de esta flexibilizaci\u00f3n\u00a0se podr\u00e1n beneficiar los residentes que figuren empadronados en el municipio y las personas que hayan permanecido en los \u00faltimos catorce d\u00edas\u00a0en el municipio y no podr\u00e1n acogerse a ella las personas que presenten s\u00edntomas o est\u00e9n en aislamiento domiciliario debido a un diagn\u00f3stico por coronavirus, o que se encuentren en periodo de cuarentena domiciliaria por haber tenido contacto estrecho con alguna persona con s\u00edntomas o diagnosticada.<\/p>\n<p>&nbsp;<\/p>\n<p>En el caso de\u00a0las personas vulnerables, tambi\u00e9n podr\u00e1n hacer uso de las habilitaciones previstas en esta orden, siempre que su condici\u00f3n cl\u00ednica est\u00e9 controlada y lo permita, y que mantengan rigurosas medidas de protecci\u00f3n.<\/p>\n<p>&nbsp;<\/p>\n","protected":false},"excerpt":{"rendered":"<p>El Ayuntamiento de Har\u00eda comunica que el BOE ha publicado finalmente este viernes la orden ministerial que\u00a0alivia las restricciones en los municipios de menos de 10.000 habitantes y densidad de poblaci\u00f3n inferior a 100 habitantes.\u00a0Por ello,\u00a0en el municipio norte\u00f1o las franjas para pasear y hacer deporte dejan de tener vigencia\u00a0y se permite estas actividades a [&hellip;]<\/p>\n","protected":false},"author":7,"featured_media":18477,"comment_status":"closed","ping_status":"closed","sticky":false,"template":"","format":"standard","meta":{"footnotes":""},"categories":[73,11,81,64],"tags":[],"class_list":["post-18476","post","type-post","status-publish","format-standard","has-post-thumbnail","hentry","category-alcaldia","category-hoja-de-haria","category-municipio","category-sanidad"],"_links":{"self":[{"href":"https:\/\/www.ayuntamientodeharia.com\/haria\/wp-json\/wp\/v2\/posts\/18476","targetHints":{"allow":["GET"]}}],"collection":[{"href":"https:\/\/www.ayuntamientodeharia.com\/haria\/wp-json\/wp\/v2\/posts"}],"about":[{"href":"https:\/\/www.ayuntamientodeharia.com\/haria\/wp-json\/wp\/v2\/types\/post"}],"author":[{"embeddable":true,"href":"https:\/\/www.ayuntamientodeharia.com\/haria\/wp-json\/wp\/v2\/users\/7"}],"replies":[{"embeddable":true,"href":"https:\/\/www.ayuntamientodeharia.com\/haria\/wp-json\/wp\/v2\/comments?post=18476"}],"version-history":[{"count":1,"href":"https:\/\/www.ayuntamientodeharia.com\/haria\/wp-json\/wp\/v2\/posts\/18476\/revisions"}],"predecessor-version":[{"id":18478,"href":"https:\/\/www.ayuntamientodeharia.com\/haria\/wp-json\/wp\/v2\/posts\/18476\/revisions\/18478"}],"wp:featuredmedia":[{"embeddable":true,"href":"https:\/\/www.ayuntamientodeharia.com\/haria\/wp-json\/wp\/v2\/media\/18477"}],"wp:attachment":[{"href":"https:\/\/www.ayuntamientodeharia.com\/haria\/wp-json\/wp\/v2\/media?parent=18476"}],"wp:term":[{"taxonomy":"category","embeddable":true,"href":"https:\/\/www.ayuntamientodeharia.com\/haria\/wp-json\/wp\/v2\/categories?post=18476"},{"taxonomy":"post_tag","embeddable":true,"href":"https:\/\/www.ayuntamientodeharia.com\/haria\/wp-json\/wp\/v2\/tags?post=18476"}],"curies":[{"name":"wp","href":"https:\/\/api.w.org\/{rel}","templated":true}]}}