{"id":18472,"date":"2020-05-22T11:47:33","date_gmt":"2020-05-22T11:47:33","guid":{"rendered":"https:\/\/www.ayuntamientodeharia.com\/haria\/?p=18472"},"modified":"2020-05-22T11:47:33","modified_gmt":"2020-05-22T11:47:33","slug":"canharia-semana-de-lo-canario-en-haria","status":"publish","type":"post","link":"https:\/\/www.ayuntamientodeharia.com\/haria\/canharia-semana-de-lo-canario-en-haria\/","title":{"rendered":"\u2018CanHaria\u2019: Semana de lo canario en Har\u00eda"},"content":{"rendered":"<p>El Ayuntamiento, a trav\u00e9s de la Concejal\u00eda de Cultura, organiza del 25 al 30 de mayo \u2018CanHaria\u2019, una semana cargada de actividades con motivo del D\u00eda de Canarias. La programaci\u00f3n prevista es la siguiente:<\/p>\n<p><!--more--><\/p>\n<p>&nbsp;<\/p>\n<ul>\n<li>Escuela de tradiciones: Talleres de roseta y empleita para toda la familia.<\/li>\n<li>Vestimenta tradicional: Espacio cedido por la AF Malpa\u00eds de la Corona.<\/li>\n<li>#SoyHar\u00eda: Espacio expositivo con artistas, artesanos y vecinos del norte.<\/li>\n<li>#DegustaHar\u00eda: Muestra sobre c\u00f3mo preparar platos con sabor canario realizada por vecinos de Har\u00eda.<\/li>\n<li>#30demayo: Celebraci\u00f3n del D\u00eda de Canarias con el concurso de La Puesta del Mantel, la actuaci\u00f3n de la Escuela Municipal de Folclore de Har\u00eda y v\u00eddeos llenos de sentir \u2018CanHaria\u2019.<\/li>\n<\/ul>\n<p>&nbsp;<\/p>\n<p>La programaci\u00f3n de la semana de lo canario en Har\u00eda la podr\u00e1n a seguir a trav\u00e9s de la web <a href=\"http:\/\/WWW.CULTUREDHARIA.COM\">www.culturedharia.com<\/a>.<\/p>\n","protected":false},"excerpt":{"rendered":"<p>El Ayuntamiento, a trav\u00e9s de la Concejal\u00eda de Cultura, organiza del 25 al 30 de mayo \u2018CanHaria\u2019, una semana cargada de actividades con motivo del D\u00eda de Canarias. La programaci\u00f3n prevista es la siguiente:<\/p>\n","protected":false},"author":7,"featured_media":18474,"comment_status":"closed","ping_status":"closed","sticky":false,"template":"","format":"standard","meta":{"footnotes":""},"categories":[16,11],"tags":[],"class_list":["post-18472","post","type-post","status-publish","format-standard","has-post-thumbnail","hentry","category-cultura","category-hoja-de-haria"],"_links":{"self":[{"href":"https:\/\/www.ayuntamientodeharia.com\/haria\/wp-json\/wp\/v2\/posts\/18472","targetHints":{"allow":["GET"]}}],"collection":[{"href":"https:\/\/www.ayuntamientodeharia.com\/haria\/wp-json\/wp\/v2\/posts"}],"about":[{"href":"https:\/\/www.ayuntamientodeharia.com\/haria\/wp-json\/wp\/v2\/types\/post"}],"author":[{"embeddable":true,"href":"https:\/\/www.ayuntamientodeharia.com\/haria\/wp-json\/wp\/v2\/users\/7"}],"replies":[{"embeddable":true,"href":"https:\/\/www.ayuntamientodeharia.com\/haria\/wp-json\/wp\/v2\/comments?post=18472"}],"version-history":[{"count":1,"href":"https:\/\/www.ayuntamientodeharia.com\/haria\/wp-json\/wp\/v2\/posts\/18472\/revisions"}],"predecessor-version":[{"id":18475,"href":"https:\/\/www.ayuntamientodeharia.com\/haria\/wp-json\/wp\/v2\/posts\/18472\/revisions\/18475"}],"wp:featuredmedia":[{"embeddable":true,"href":"https:\/\/www.ayuntamientodeharia.com\/haria\/wp-json\/wp\/v2\/media\/18474"}],"wp:attachment":[{"href":"https:\/\/www.ayuntamientodeharia.com\/haria\/wp-json\/wp\/v2\/media?parent=18472"}],"wp:term":[{"taxonomy":"category","embeddable":true,"href":"https:\/\/www.ayuntamientodeharia.com\/haria\/wp-json\/wp\/v2\/categories?post=18472"},{"taxonomy":"post_tag","embeddable":true,"href":"https:\/\/www.ayuntamientodeharia.com\/haria\/wp-json\/wp\/v2\/tags?post=18472"}],"curies":[{"name":"wp","href":"https:\/\/api.w.org\/{rel}","templated":true}]}}