{"id":18468,"date":"2020-05-22T11:42:21","date_gmt":"2020-05-22T11:42:21","guid":{"rendered":"https:\/\/www.ayuntamientodeharia.com\/haria\/?p=18468"},"modified":"2020-05-22T11:42:59","modified_gmt":"2020-05-22T11:42:59","slug":"la-concejalia-de-cultura-apuesta-por-una-web-propia-para-difundir-sus-actividades","status":"publish","type":"post","link":"https:\/\/www.ayuntamientodeharia.com\/haria\/la-concejalia-de-cultura-apuesta-por-una-web-propia-para-difundir-sus-actividades\/","title":{"rendered":"La Concejal\u00eda de Cultura apuesta por una web propia para difundir sus actividades"},"content":{"rendered":"<p>El Ayuntamiento de Har\u00eda, a trav\u00e9s de la Concejal\u00eda de Cultura, pone en marcha una nueva plataforma digital para acercar la cultura y la acci\u00f3n comunitaria a los vecinos del municipio.<\/p>\n<p><!--more--><\/p>\n<p>&nbsp;<\/p>\n<p><a href=\"http:\/\/Culturedhar\u00eda.com\">Culturedhar\u00eda.com<\/a> pretende ser una v\u00eda de comunicaci\u00f3n y de acercamiento cultural y educativo, adaptada a la nueva realidad social y a las necesidades de la poblaci\u00f3n.<\/p>\n<p>&nbsp;<\/p>\n<p>Este portal dar\u00e1 cabida a proyectos como LEO, la semana cultural de Artes Enredadas, CanHaria, Turismo, Juventud, MalabHar\u00eda y otras nuevas propuestas que ir\u00e1n apareciendo para llenar de contenido la nueva web cultural del municipio de Har\u00eda.<\/p>\n","protected":false},"excerpt":{"rendered":"<p>El Ayuntamiento de Har\u00eda, a trav\u00e9s de la Concejal\u00eda de Cultura, pone en marcha una nueva plataforma digital para acercar la cultura y la acci\u00f3n comunitaria a los vecinos del municipio.<\/p>\n","protected":false},"author":7,"featured_media":18469,"comment_status":"closed","ping_status":"closed","sticky":false,"template":"","format":"standard","meta":{"footnotes":""},"categories":[16,11],"tags":[],"class_list":["post-18468","post","type-post","status-publish","format-standard","has-post-thumbnail","hentry","category-cultura","category-hoja-de-haria"],"_links":{"self":[{"href":"https:\/\/www.ayuntamientodeharia.com\/haria\/wp-json\/wp\/v2\/posts\/18468","targetHints":{"allow":["GET"]}}],"collection":[{"href":"https:\/\/www.ayuntamientodeharia.com\/haria\/wp-json\/wp\/v2\/posts"}],"about":[{"href":"https:\/\/www.ayuntamientodeharia.com\/haria\/wp-json\/wp\/v2\/types\/post"}],"author":[{"embeddable":true,"href":"https:\/\/www.ayuntamientodeharia.com\/haria\/wp-json\/wp\/v2\/users\/7"}],"replies":[{"embeddable":true,"href":"https:\/\/www.ayuntamientodeharia.com\/haria\/wp-json\/wp\/v2\/comments?post=18468"}],"version-history":[{"count":2,"href":"https:\/\/www.ayuntamientodeharia.com\/haria\/wp-json\/wp\/v2\/posts\/18468\/revisions"}],"predecessor-version":[{"id":18471,"href":"https:\/\/www.ayuntamientodeharia.com\/haria\/wp-json\/wp\/v2\/posts\/18468\/revisions\/18471"}],"wp:featuredmedia":[{"embeddable":true,"href":"https:\/\/www.ayuntamientodeharia.com\/haria\/wp-json\/wp\/v2\/media\/18469"}],"wp:attachment":[{"href":"https:\/\/www.ayuntamientodeharia.com\/haria\/wp-json\/wp\/v2\/media?parent=18468"}],"wp:term":[{"taxonomy":"category","embeddable":true,"href":"https:\/\/www.ayuntamientodeharia.com\/haria\/wp-json\/wp\/v2\/categories?post=18468"},{"taxonomy":"post_tag","embeddable":true,"href":"https:\/\/www.ayuntamientodeharia.com\/haria\/wp-json\/wp\/v2\/tags?post=18468"}],"curies":[{"name":"wp","href":"https:\/\/api.w.org\/{rel}","templated":true}]}}