{"id":18454,"date":"2020-05-22T11:11:05","date_gmt":"2020-05-22T11:11:05","guid":{"rendered":"https:\/\/www.ayuntamientodeharia.com\/haria\/?p=18454"},"modified":"2020-05-22T11:12:33","modified_gmt":"2020-05-22T11:12:33","slug":"uso-de-mascarilla-obligatorio","status":"publish","type":"post","link":"https:\/\/www.ayuntamientodeharia.com\/haria\/uso-de-mascarilla-obligatorio\/","title":{"rendered":"Uso de mascarilla obligatorio"},"content":{"rendered":"<p><img decoding=\"async\" class=\"alignleft size-thumbnail wp-image-18367\" src=\"https:\/\/www.ayuntamientodeharia.com\/haria\/wp-content\/uploads\/2020\/05\/alarma-150x150.jpg\" alt=\"\" width=\"150\" height=\"150\" \/>El BOE recog\u00eda este mi\u00e9rcoles, 20 de mayo, una orden por la que se regula el uso obligatorio de mascarilla por parte de la poblaci\u00f3n hasta que termine el estado de alarma.<\/p>\n<p><!--more--><\/p>\n<p>&nbsp;<\/p>\n<p>El uso de mascarilla ser\u00e1 obligatorio en la v\u00eda p\u00fablica, en espacios al aire libre y en cualquier espacio cerrado de uso p\u00fablico o que se encuentre abierto al p\u00fablico, siempre que no sea posible mantener una distancia de seguridad interpersonal de al menos dos metros.<\/p>\n<p>&nbsp;<\/p>\n<p>Se entender\u00e1 cumplida esta obligaci\u00f3n mediante el uso de cualquier tipo de mascarilla, preferentemente higi\u00e9nicas y quir\u00fargicas, que cubra nariz y boca.<\/p>\n<p>&nbsp;<\/p>\n<p>Est\u00e1n obligadas las personas de seis a\u00f1os en adelante. No obstante se establecen las siguientes excepciones:<\/p>\n<p>&nbsp;<\/p>\n<p>a) Personas que presenten alg\u00fan tipo de dificultad respiratoria que pueda verse agravada por el uso de mascarilla.<\/p>\n<p>b) Personas en las que el uso de mascarilla resulte contraindicado por motivos de salud debidamente justificados, o que por su situaci\u00f3n de discapacidad o dependencia presenten alteraciones de conducta que hagan inviable su utilizaci\u00f3n.<\/p>\n<p>c) Desarrollo de actividades en las que, por la propia naturaleza de estas, resulte incompatible el uso de la mascarilla.<\/p>\n<p>d) Causa de fuerza mayor o situaci\u00f3n de necesidad.<\/p>\n","protected":false},"excerpt":{"rendered":"<p>El BOE recog\u00eda este mi\u00e9rcoles, 20 de mayo, una orden por la que se regula el uso obligatorio de mascarilla por parte de la poblaci\u00f3n hasta que termine el estado de alarma.<\/p>\n","protected":false},"author":7,"featured_media":0,"comment_status":"closed","ping_status":"closed","sticky":false,"template":"","format":"standard","meta":{"footnotes":""},"categories":[11,64],"tags":[],"class_list":["post-18454","post","type-post","status-publish","format-standard","hentry","category-hoja-de-haria","category-sanidad"],"_links":{"self":[{"href":"https:\/\/www.ayuntamientodeharia.com\/haria\/wp-json\/wp\/v2\/posts\/18454","targetHints":{"allow":["GET"]}}],"collection":[{"href":"https:\/\/www.ayuntamientodeharia.com\/haria\/wp-json\/wp\/v2\/posts"}],"about":[{"href":"https:\/\/www.ayuntamientodeharia.com\/haria\/wp-json\/wp\/v2\/types\/post"}],"author":[{"embeddable":true,"href":"https:\/\/www.ayuntamientodeharia.com\/haria\/wp-json\/wp\/v2\/users\/7"}],"replies":[{"embeddable":true,"href":"https:\/\/www.ayuntamientodeharia.com\/haria\/wp-json\/wp\/v2\/comments?post=18454"}],"version-history":[{"count":2,"href":"https:\/\/www.ayuntamientodeharia.com\/haria\/wp-json\/wp\/v2\/posts\/18454\/revisions"}],"predecessor-version":[{"id":18456,"href":"https:\/\/www.ayuntamientodeharia.com\/haria\/wp-json\/wp\/v2\/posts\/18454\/revisions\/18456"}],"wp:attachment":[{"href":"https:\/\/www.ayuntamientodeharia.com\/haria\/wp-json\/wp\/v2\/media?parent=18454"}],"wp:term":[{"taxonomy":"category","embeddable":true,"href":"https:\/\/www.ayuntamientodeharia.com\/haria\/wp-json\/wp\/v2\/categories?post=18454"},{"taxonomy":"post_tag","embeddable":true,"href":"https:\/\/www.ayuntamientodeharia.com\/haria\/wp-json\/wp\/v2\/tags?post=18454"}],"curies":[{"name":"wp","href":"https:\/\/api.w.org\/{rel}","templated":true}]}}