{"id":18284,"date":"2020-04-24T13:25:26","date_gmt":"2020-04-24T13:25:26","guid":{"rendered":"https:\/\/www.ayuntamientodeharia.com\/haria\/?p=18284"},"modified":"2020-04-24T14:55:16","modified_gmt":"2020-04-24T14:55:16","slug":"24-de-abril-101-aniversario-del-nacimiento-de-cesar-manrique","status":"publish","type":"post","link":"https:\/\/www.ayuntamientodeharia.com\/haria\/24-de-abril-101-aniversario-del-nacimiento-de-cesar-manrique\/","title":{"rendered":"24 de abril, 101 aniversario del nacimiento de C\u00e9sar Manrique"},"content":{"rendered":"<p><center><iframe src=\"https:\/\/www.youtube.com\/embed\/6u25Fslr3lY\" height=\"200\" frameborder=\"0\" allowfullscreen=\"allowfullscreen\"><span data-mce-type=\"bookmark\" style=\"display: inline-block; width: 0px; overflow: hidden; line-height: 0;\" class=\"mce_SELRES_start\">\ufeff<\/span><\/iframe><\/center><!--more--><\/p>\n<p>El Ayuntamiento de Har\u00eda y la Academia de Ciencias, Ingenier\u00eda y Humanidadesde Lanzarote recuerdan al artista multidisciplinar, C\u00e9sar Manrique en el d\u00eda de su 101 cumplea\u00f1os. Muy vinculado a nuestro municipio de Har\u00eda, nos dej\u00f3 entre su importante legado, la casa de Har\u00eda, hoy convertida en museo.<\/p>\n<p>&nbsp;<\/p>\n<p>Programa \u201cCanarios en su rinc\u00f3n\u201d realizado por Radio Televisi\u00f3n Espa\u00f1ola en Canarias.<\/p>\n","protected":false},"excerpt":{"rendered":"<p>\ufeff<\/p>\n","protected":false},"author":2,"featured_media":0,"comment_status":"closed","ping_status":"closed","sticky":false,"template":"","format":"standard","meta":{"footnotes":""},"categories":[81],"tags":[],"class_list":["post-18284","post","type-post","status-publish","format-standard","hentry","category-municipio"],"_links":{"self":[{"href":"https:\/\/www.ayuntamientodeharia.com\/haria\/wp-json\/wp\/v2\/posts\/18284","targetHints":{"allow":["GET"]}}],"collection":[{"href":"https:\/\/www.ayuntamientodeharia.com\/haria\/wp-json\/wp\/v2\/posts"}],"about":[{"href":"https:\/\/www.ayuntamientodeharia.com\/haria\/wp-json\/wp\/v2\/types\/post"}],"author":[{"embeddable":true,"href":"https:\/\/www.ayuntamientodeharia.com\/haria\/wp-json\/wp\/v2\/users\/2"}],"replies":[{"embeddable":true,"href":"https:\/\/www.ayuntamientodeharia.com\/haria\/wp-json\/wp\/v2\/comments?post=18284"}],"version-history":[{"count":14,"href":"https:\/\/www.ayuntamientodeharia.com\/haria\/wp-json\/wp\/v2\/posts\/18284\/revisions"}],"predecessor-version":[{"id":18299,"href":"https:\/\/www.ayuntamientodeharia.com\/haria\/wp-json\/wp\/v2\/posts\/18284\/revisions\/18299"}],"wp:attachment":[{"href":"https:\/\/www.ayuntamientodeharia.com\/haria\/wp-json\/wp\/v2\/media?parent=18284"}],"wp:term":[{"taxonomy":"category","embeddable":true,"href":"https:\/\/www.ayuntamientodeharia.com\/haria\/wp-json\/wp\/v2\/categories?post=18284"},{"taxonomy":"post_tag","embeddable":true,"href":"https:\/\/www.ayuntamientodeharia.com\/haria\/wp-json\/wp\/v2\/tags?post=18284"}],"curies":[{"name":"wp","href":"https:\/\/api.w.org\/{rel}","templated":true}]}}