{"id":18134,"date":"2020-03-27T18:41:58","date_gmt":"2020-03-27T18:41:58","guid":{"rendered":"https:\/\/www.ayuntamientodeharia.com\/haria\/?p=18134"},"modified":"2020-03-27T18:43:15","modified_gmt":"2020-03-27T18:43:15","slug":"el-ayuntamiento-fumiga-distintas-zonas-del-municipio-de-haria","status":"publish","type":"post","link":"https:\/\/www.ayuntamientodeharia.com\/haria\/el-ayuntamiento-fumiga-distintas-zonas-del-municipio-de-haria\/","title":{"rendered":"El Ayuntamiento fumiga distintas zonas del municipio de Har\u00eda"},"content":{"rendered":"<p>Operarios del Ayuntamiento de Har\u00eda han procedido estos d\u00edas a fumigar y desinfectar distintas zonas del municipio del norte de la Isla, centr\u00e1ndose en aquellos espacios p\u00fablicos de mayor aglomeraci\u00f3n de personas.<\/p>\n<p><!--more--><\/p>\n<p>&nbsp;<\/p>\n<p>As\u00ed, se ha actuado en parques, plazas, avenidas, cajeros y entradas de supermercados y bancos, utilizando potentes productos que contribuyan a frenar la expansi\u00f3n del COVID-19.<\/p>\n<p>&nbsp;<\/p>\n<p>El alcalde, Alfredo Villalba, recuerda a los vecinos que estamos viviendo una situaci\u00f3n excepcional y anuncia mayores controles de seguridad en el municipio, pidiendo encarecidamente a la poblaci\u00f3n que permanezca confinada en su casa por el bien de todos y que limite las salidas a lo estrictamente necesario.<\/p>\n<p>&nbsp;<\/p>\n<p>El primer edil hace, no obstante, un balance positivo de la situaci\u00f3n hasta ahora en Har\u00eda, donde no se han registrado incidentes de consideraci\u00f3n y se han respetado, en la mayor\u00eda de los casos, las medidas de prevenci\u00f3n recogidas en el decreto del Gobierno central.<\/p>\n<p><img fetchpriority=\"high\" decoding=\"async\" class=\"alignleft wp-image-18137 size-full\" src=\"https:\/\/www.ayuntamientodeharia.com\/haria\/wp-content\/uploads\/2020\/03\/Fumigaci\u00f3n-4.jpg\" alt=\"\" width=\"1024\" height=\"768\" srcset=\"https:\/\/www.ayuntamientodeharia.com\/haria\/wp-content\/uploads\/2020\/03\/Fumigaci\u00f3n-4.jpg 1024w, https:\/\/www.ayuntamientodeharia.com\/haria\/wp-content\/uploads\/2020\/03\/Fumigaci\u00f3n-4-450x338.jpg 450w, https:\/\/www.ayuntamientodeharia.com\/haria\/wp-content\/uploads\/2020\/03\/Fumigaci\u00f3n-4-768x576.jpg 768w, https:\/\/www.ayuntamientodeharia.com\/haria\/wp-content\/uploads\/2020\/03\/Fumigaci\u00f3n-4-149x112.jpg 149w\" sizes=\"(max-width: 1024px) 100vw, 1024px\" \/><\/p>\n","protected":false},"excerpt":{"rendered":"<p>Operarios del Ayuntamiento de Har\u00eda han procedido estos d\u00edas a fumigar y desinfectar distintas zonas del municipio del norte de la Isla, centr\u00e1ndose en aquellos espacios p\u00fablicos de mayor aglomeraci\u00f3n de personas.<\/p>\n","protected":false},"author":7,"featured_media":18136,"comment_status":"closed","ping_status":"closed","sticky":false,"template":"","format":"standard","meta":{"footnotes":""},"categories":[73,11,23],"tags":[],"class_list":["post-18134","post","type-post","status-publish","format-standard","has-post-thumbnail","hentry","category-alcaldia","category-hoja-de-haria","category-obras-y-servicios"],"_links":{"self":[{"href":"https:\/\/www.ayuntamientodeharia.com\/haria\/wp-json\/wp\/v2\/posts\/18134","targetHints":{"allow":["GET"]}}],"collection":[{"href":"https:\/\/www.ayuntamientodeharia.com\/haria\/wp-json\/wp\/v2\/posts"}],"about":[{"href":"https:\/\/www.ayuntamientodeharia.com\/haria\/wp-json\/wp\/v2\/types\/post"}],"author":[{"embeddable":true,"href":"https:\/\/www.ayuntamientodeharia.com\/haria\/wp-json\/wp\/v2\/users\/7"}],"replies":[{"embeddable":true,"href":"https:\/\/www.ayuntamientodeharia.com\/haria\/wp-json\/wp\/v2\/comments?post=18134"}],"version-history":[{"count":2,"href":"https:\/\/www.ayuntamientodeharia.com\/haria\/wp-json\/wp\/v2\/posts\/18134\/revisions"}],"predecessor-version":[{"id":18140,"href":"https:\/\/www.ayuntamientodeharia.com\/haria\/wp-json\/wp\/v2\/posts\/18134\/revisions\/18140"}],"wp:featuredmedia":[{"embeddable":true,"href":"https:\/\/www.ayuntamientodeharia.com\/haria\/wp-json\/wp\/v2\/media\/18136"}],"wp:attachment":[{"href":"https:\/\/www.ayuntamientodeharia.com\/haria\/wp-json\/wp\/v2\/media?parent=18134"}],"wp:term":[{"taxonomy":"category","embeddable":true,"href":"https:\/\/www.ayuntamientodeharia.com\/haria\/wp-json\/wp\/v2\/categories?post=18134"},{"taxonomy":"post_tag","embeddable":true,"href":"https:\/\/www.ayuntamientodeharia.com\/haria\/wp-json\/wp\/v2\/tags?post=18134"}],"curies":[{"name":"wp","href":"https:\/\/api.w.org\/{rel}","templated":true}]}}