{"id":18105,"date":"2020-03-27T18:02:02","date_gmt":"2020-03-27T18:02:02","guid":{"rendered":"https:\/\/www.ayuntamientodeharia.com\/haria\/?p=18105"},"modified":"2020-03-27T18:02:02","modified_gmt":"2020-03-27T18:02:02","slug":"certificado-o-justificante-de-trabajo","status":"publish","type":"post","link":"https:\/\/www.ayuntamientodeharia.com\/haria\/certificado-o-justificante-de-trabajo\/","title":{"rendered":"Certificado o justificante de trabajo"},"content":{"rendered":"<p><img decoding=\"async\" class=\"alignleft size-thumbnail wp-image-18106\" src=\"https:\/\/www.ayuntamientodeharia.com\/haria\/wp-content\/uploads\/2020\/03\/polic\u00eda-150x150.jpg\" alt=\"\" width=\"150\" height=\"150\" \/>El RD se limita a se\u00f1alar que durante la vigencia del estado de alarma las personas \u00fanicamente podr\u00e1n circular por las v\u00edas de uso p\u00fablico para, entre otras actividades, desplazamiento al lugar de trabajo para efectuar su prestaci\u00f3n laboral, profesional o empresarial. (Art. 7.1.c).<\/p>\n<p><!--more--><\/p>\n<p>&nbsp;<\/p>\n<p>No obstante, se recomienda que dichos trabajadores porten una acreditaci\u00f3n individual expedida por su empresa o Ayuntamiento (en el caso de empleados p\u00fablicos municipales) que contenga, al menos, nombre completo, DNI, nombre de la empresa o Ayuntamiento en la que prestan el servicio y horario de trabajo y matr\u00edcula del veh\u00edculo en el que van a realizar el desplazamiento, si no es a pie o a trav\u00e9s de otro medio de transporte.<\/p>\n<p>&nbsp;<\/p>\n<p>En cualquier caso, debe ser individualizada y personal para cada trabajador y debe ser emitido directamente por la empresa o Ayuntamiento.<\/p>\n","protected":false},"excerpt":{"rendered":"<p>El RD se limita a se\u00f1alar que durante la vigencia del estado de alarma las personas \u00fanicamente podr\u00e1n circular por las v\u00edas de uso p\u00fablico para, entre otras actividades, desplazamiento al lugar de trabajo para efectuar su prestaci\u00f3n laboral, profesional o empresarial. (Art. 7.1.c).<\/p>\n","protected":false},"author":7,"featured_media":0,"comment_status":"closed","ping_status":"closed","sticky":false,"template":"","format":"standard","meta":{"footnotes":""},"categories":[11],"tags":[],"class_list":["post-18105","post","type-post","status-publish","format-standard","hentry","category-hoja-de-haria"],"_links":{"self":[{"href":"https:\/\/www.ayuntamientodeharia.com\/haria\/wp-json\/wp\/v2\/posts\/18105","targetHints":{"allow":["GET"]}}],"collection":[{"href":"https:\/\/www.ayuntamientodeharia.com\/haria\/wp-json\/wp\/v2\/posts"}],"about":[{"href":"https:\/\/www.ayuntamientodeharia.com\/haria\/wp-json\/wp\/v2\/types\/post"}],"author":[{"embeddable":true,"href":"https:\/\/www.ayuntamientodeharia.com\/haria\/wp-json\/wp\/v2\/users\/7"}],"replies":[{"embeddable":true,"href":"https:\/\/www.ayuntamientodeharia.com\/haria\/wp-json\/wp\/v2\/comments?post=18105"}],"version-history":[{"count":1,"href":"https:\/\/www.ayuntamientodeharia.com\/haria\/wp-json\/wp\/v2\/posts\/18105\/revisions"}],"predecessor-version":[{"id":18107,"href":"https:\/\/www.ayuntamientodeharia.com\/haria\/wp-json\/wp\/v2\/posts\/18105\/revisions\/18107"}],"wp:attachment":[{"href":"https:\/\/www.ayuntamientodeharia.com\/haria\/wp-json\/wp\/v2\/media?parent=18105"}],"wp:term":[{"taxonomy":"category","embeddable":true,"href":"https:\/\/www.ayuntamientodeharia.com\/haria\/wp-json\/wp\/v2\/categories?post=18105"},{"taxonomy":"post_tag","embeddable":true,"href":"https:\/\/www.ayuntamientodeharia.com\/haria\/wp-json\/wp\/v2\/tags?post=18105"}],"curies":[{"name":"wp","href":"https:\/\/api.w.org\/{rel}","templated":true}]}}