{"id":18039,"date":"2020-03-18T12:38:43","date_gmt":"2020-03-18T12:38:43","guid":{"rendered":"https:\/\/www.ayuntamientodeharia.com\/haria\/?p=18039"},"modified":"2020-03-21T13:21:13","modified_gmt":"2020-03-21T13:21:13","slug":"haria-agradece-la-colaboracion-del-cabildo-para-traer-de-vuelta-a-un-grupo-de-mayores-de-viaje-en-andalucia","status":"publish","type":"post","link":"https:\/\/www.ayuntamientodeharia.com\/haria\/haria-agradece-la-colaboracion-del-cabildo-para-traer-de-vuelta-a-un-grupo-de-mayores-de-viaje-en-andalucia\/","title":{"rendered":"Har\u00eda agradece la colaboraci\u00f3n del Cabildo para traer de vuelta a un grupo de mayores de viaje en Andaluc\u00eda"},"content":{"rendered":"<p>El alcalde de Har\u00eda, Alfredo Villalba, agradece el apoyo econ\u00f3mico y log\u00edstico del Cabildo de Lanzarote, que ha permitido traer de vuelta a un grupo de 16 mayores que hab\u00edan viajado a Andaluc\u00eda con el IMSERSO el pasado 7 de marzo, y que ten\u00edan previsto regresar el pr\u00f3ximo s\u00e1bado, d\u00eda 21.<\/p>\n<p><!--more--><\/p>\n<p>&nbsp;<\/p>\n<p>Tras decretarse el estado de alarma y ante la situaci\u00f3n de emergencia sanitaria a causa de la expansi\u00f3n del coronavirus, desde Alcald\u00eda del Ayuntamiento norte\u00f1o, en colaboraci\u00f3n con la primera Instituci\u00f3n de la Isla, se realizaron las gestiones oportunas para hacer volver al grupo de mayores del municipio en el menor tiempo posible.<\/p>\n<p>&nbsp;<\/p>\n<p>Villalba resalta la buena voluntad y la predisposici\u00f3n de la Corporaci\u00f3n insular en todo momento, que se hizo cargo del traslado del grupo desde Gran Canaria a Lanzarote.<\/p>\n<p>&nbsp;<\/p>\n<p>\u201cAgradecemos al Cabildo y a su presidenta, Mar\u00eda Dolores Corujo, el respaldo y la coordinaci\u00f3n para que nuestros mayores pudieran volver cuanto antes a casa, ante la gravedad de la situaci\u00f3n actual a causa de la pandemia que est\u00e1 afectando a todo el pa\u00eds, y que ha limitado adem\u00e1s las comunicaciones y conexiones a\u00e9reas con las Islas, lo que hac\u00eda a\u00fan m\u00e1s necesaria una r\u00e1pida actuaci\u00f3n por parte de las administraciones\u201d, recalca el primer edil norte\u00f1o.<\/p>\n","protected":false},"excerpt":{"rendered":"<p>El alcalde de Har\u00eda, Alfredo Villalba, agradece el apoyo econ\u00f3mico y log\u00edstico del Cabildo de Lanzarote, que ha permitido traer de vuelta a un grupo de 16 mayores que hab\u00edan viajado a Andaluc\u00eda con el IMSERSO el pasado 7 de marzo, y que ten\u00edan previsto regresar el pr\u00f3ximo s\u00e1bado, d\u00eda 21.<\/p>\n","protected":false},"author":7,"featured_media":18040,"comment_status":"closed","ping_status":"closed","sticky":false,"template":"","format":"standard","meta":{"footnotes":""},"categories":[73,11,61],"tags":[],"class_list":["post-18039","post","type-post","status-publish","format-standard","has-post-thumbnail","hentry","category-alcaldia","category-hoja-de-haria","category-tercera-edad"],"_links":{"self":[{"href":"https:\/\/www.ayuntamientodeharia.com\/haria\/wp-json\/wp\/v2\/posts\/18039","targetHints":{"allow":["GET"]}}],"collection":[{"href":"https:\/\/www.ayuntamientodeharia.com\/haria\/wp-json\/wp\/v2\/posts"}],"about":[{"href":"https:\/\/www.ayuntamientodeharia.com\/haria\/wp-json\/wp\/v2\/types\/post"}],"author":[{"embeddable":true,"href":"https:\/\/www.ayuntamientodeharia.com\/haria\/wp-json\/wp\/v2\/users\/7"}],"replies":[{"embeddable":true,"href":"https:\/\/www.ayuntamientodeharia.com\/haria\/wp-json\/wp\/v2\/comments?post=18039"}],"version-history":[{"count":1,"href":"https:\/\/www.ayuntamientodeharia.com\/haria\/wp-json\/wp\/v2\/posts\/18039\/revisions"}],"predecessor-version":[{"id":18041,"href":"https:\/\/www.ayuntamientodeharia.com\/haria\/wp-json\/wp\/v2\/posts\/18039\/revisions\/18041"}],"wp:featuredmedia":[{"embeddable":true,"href":"https:\/\/www.ayuntamientodeharia.com\/haria\/wp-json\/wp\/v2\/media\/18040"}],"wp:attachment":[{"href":"https:\/\/www.ayuntamientodeharia.com\/haria\/wp-json\/wp\/v2\/media?parent=18039"}],"wp:term":[{"taxonomy":"category","embeddable":true,"href":"https:\/\/www.ayuntamientodeharia.com\/haria\/wp-json\/wp\/v2\/categories?post=18039"},{"taxonomy":"post_tag","embeddable":true,"href":"https:\/\/www.ayuntamientodeharia.com\/haria\/wp-json\/wp\/v2\/tags?post=18039"}],"curies":[{"name":"wp","href":"https:\/\/api.w.org\/{rel}","templated":true}]}}