{"id":18031,"date":"2020-03-17T13:06:54","date_gmt":"2020-03-17T13:06:54","guid":{"rendered":"https:\/\/www.ayuntamientodeharia.com\/haria\/?p=18031"},"modified":"2020-03-21T13:19:53","modified_gmt":"2020-03-21T13:19:53","slug":"haria-ofrece-ayuda-a-mayores-menores-y-familias-sin-recursos","status":"publish","type":"post","link":"https:\/\/www.ayuntamientodeharia.com\/haria\/haria-ofrece-ayuda-a-mayores-menores-y-familias-sin-recursos\/","title":{"rendered":"Har\u00eda ofrece ayuda a mayores, menores y familias sin recursos"},"content":{"rendered":"<p>El Ayuntamiento de Har\u00eda ofrece ayuda a las personas m\u00e1s necesitadas, como mayores, menores y familias sin recursos, en esta situaci\u00f3n de emergencia sanitaria que estamos viviendo.<\/p>\n<p><!--more--><\/p>\n<p>&nbsp;<\/p>\n<p>Ahora m\u00e1s que nunca, el grupo de gobierno norte\u00f1o trabaja por la equidad social y por cubrir las necesidades b\u00e1sicas de las personas m\u00e1s vulnerables de nuestro municipio, proporcionando alimentos a quienes lo necesiten.<\/p>\n<p>&nbsp;<\/p>\n<p>Todo aquel que conozca alg\u00fan caso que requiera de una actuaci\u00f3n especial puede ponerse en contacto con el Consistorio, en el tel\u00e9fono 928 836 018.<\/p>\n<p>&nbsp;<\/p>\n<p>Del mismo modo, la Corporaci\u00f3n local cuenta con la colaboraci\u00f3n de Emerlan y Protecci\u00f3n Civil, que est\u00e1n llevando a cabo servicios gratuitos para proteger a los mayores y personas con discapacidad, como realizar la compra de alimentos, de 9:00 a 18:00 horas, o ir a la farmacia en su lugar, durante las 24 horas, llamando al 617 387 784. Los usuarios solo tendr\u00e1n que abonar el importe exacto de la compra.<\/p>\n","protected":false},"excerpt":{"rendered":"<p>El Ayuntamiento de Har\u00eda ofrece ayuda a las personas m\u00e1s necesitadas, como mayores, menores y familias sin recursos, en esta situaci\u00f3n de emergencia sanitaria que estamos viviendo.<\/p>\n","protected":false},"author":7,"featured_media":18032,"comment_status":"closed","ping_status":"closed","sticky":false,"template":"","format":"standard","meta":{"footnotes":""},"categories":[187,11,81,61],"tags":[],"class_list":["post-18031","post","type-post","status-publish","format-standard","has-post-thumbnail","hentry","category-bienestar-social","category-hoja-de-haria","category-municipio","category-tercera-edad"],"_links":{"self":[{"href":"https:\/\/www.ayuntamientodeharia.com\/haria\/wp-json\/wp\/v2\/posts\/18031","targetHints":{"allow":["GET"]}}],"collection":[{"href":"https:\/\/www.ayuntamientodeharia.com\/haria\/wp-json\/wp\/v2\/posts"}],"about":[{"href":"https:\/\/www.ayuntamientodeharia.com\/haria\/wp-json\/wp\/v2\/types\/post"}],"author":[{"embeddable":true,"href":"https:\/\/www.ayuntamientodeharia.com\/haria\/wp-json\/wp\/v2\/users\/7"}],"replies":[{"embeddable":true,"href":"https:\/\/www.ayuntamientodeharia.com\/haria\/wp-json\/wp\/v2\/comments?post=18031"}],"version-history":[{"count":2,"href":"https:\/\/www.ayuntamientodeharia.com\/haria\/wp-json\/wp\/v2\/posts\/18031\/revisions"}],"predecessor-version":[{"id":18034,"href":"https:\/\/www.ayuntamientodeharia.com\/haria\/wp-json\/wp\/v2\/posts\/18031\/revisions\/18034"}],"wp:featuredmedia":[{"embeddable":true,"href":"https:\/\/www.ayuntamientodeharia.com\/haria\/wp-json\/wp\/v2\/media\/18032"}],"wp:attachment":[{"href":"https:\/\/www.ayuntamientodeharia.com\/haria\/wp-json\/wp\/v2\/media?parent=18031"}],"wp:term":[{"taxonomy":"category","embeddable":true,"href":"https:\/\/www.ayuntamientodeharia.com\/haria\/wp-json\/wp\/v2\/categories?post=18031"},{"taxonomy":"post_tag","embeddable":true,"href":"https:\/\/www.ayuntamientodeharia.com\/haria\/wp-json\/wp\/v2\/tags?post=18031"}],"curies":[{"name":"wp","href":"https:\/\/api.w.org\/{rel}","templated":true}]}}