{"id":18003,"date":"2020-03-14T11:11:12","date_gmt":"2020-03-14T11:11:12","guid":{"rendered":"https:\/\/www.ayuntamientodeharia.com\/haria\/?p=18003"},"modified":"2020-03-14T11:11:13","modified_gmt":"2020-03-14T11:11:13","slug":"dos-estudiantes-de-haria-reciben-las-becas-luis-ramirez-2","status":"publish","type":"post","link":"https:\/\/www.ayuntamientodeharia.com\/haria\/dos-estudiantes-de-haria-reciben-las-becas-luis-ramirez-2\/","title":{"rendered":"Dos estudiantes de Har\u00eda reciben las becas Luis Ram\u00edrez"},"content":{"rendered":"<p>Los miembros de la junta municipal para la gesti\u00f3n de las becas del salesiano Luis Ram\u00edrez, formada por el alcalde, Alfredo Villalba, el p\u00e1rroco de Har\u00eda, Norberto Medina, y el Juez de Paz, Rafael Curbelo, hicieron entrega de las becas concedidas a dos estudiantes del municipio, correspondientes al curso escolar 2019\/2020.<\/p>\n<p><!--more--><\/p>\n<p>&nbsp;<\/p>\n<p>Este a\u00f1o, las alumnas becadas con 500 euros han sido Zuleima Romero Garc\u00eda, estudiante de Periodismo, y Wiluna Rodr\u00edguez Armas, de Interiorismo.<\/p>\n<p>&nbsp;<\/p>\n<p>El primer edil norte\u00f1o quiere agradecer a los miembros de la junta municipal la labor que vienen realizando desde hace varios a\u00f1os, as\u00ed como felicitar a las dos alumnas por las becas concedidas.<\/p>\n<p>&nbsp;<\/p>\n","protected":false},"excerpt":{"rendered":"<p>Los miembros de la junta municipal para la gesti\u00f3n de las becas del salesiano Luis Ram\u00edrez, formada por el alcalde, Alfredo Villalba, el p\u00e1rroco de Har\u00eda, Norberto Medina, y el Juez de Paz, Rafael Curbelo, hicieron entrega de las becas concedidas a dos estudiantes del municipio, correspondientes al curso escolar 2019\/2020.<\/p>\n","protected":false},"author":7,"featured_media":18004,"comment_status":"closed","ping_status":"closed","sticky":false,"template":"","format":"standard","meta":{"footnotes":""},"categories":[73,19,11],"tags":[],"class_list":["post-18003","post","type-post","status-publish","format-standard","has-post-thumbnail","hentry","category-alcaldia","category-formacion","category-hoja-de-haria"],"_links":{"self":[{"href":"https:\/\/www.ayuntamientodeharia.com\/haria\/wp-json\/wp\/v2\/posts\/18003","targetHints":{"allow":["GET"]}}],"collection":[{"href":"https:\/\/www.ayuntamientodeharia.com\/haria\/wp-json\/wp\/v2\/posts"}],"about":[{"href":"https:\/\/www.ayuntamientodeharia.com\/haria\/wp-json\/wp\/v2\/types\/post"}],"author":[{"embeddable":true,"href":"https:\/\/www.ayuntamientodeharia.com\/haria\/wp-json\/wp\/v2\/users\/7"}],"replies":[{"embeddable":true,"href":"https:\/\/www.ayuntamientodeharia.com\/haria\/wp-json\/wp\/v2\/comments?post=18003"}],"version-history":[{"count":1,"href":"https:\/\/www.ayuntamientodeharia.com\/haria\/wp-json\/wp\/v2\/posts\/18003\/revisions"}],"predecessor-version":[{"id":18005,"href":"https:\/\/www.ayuntamientodeharia.com\/haria\/wp-json\/wp\/v2\/posts\/18003\/revisions\/18005"}],"wp:featuredmedia":[{"embeddable":true,"href":"https:\/\/www.ayuntamientodeharia.com\/haria\/wp-json\/wp\/v2\/media\/18004"}],"wp:attachment":[{"href":"https:\/\/www.ayuntamientodeharia.com\/haria\/wp-json\/wp\/v2\/media?parent=18003"}],"wp:term":[{"taxonomy":"category","embeddable":true,"href":"https:\/\/www.ayuntamientodeharia.com\/haria\/wp-json\/wp\/v2\/categories?post=18003"},{"taxonomy":"post_tag","embeddable":true,"href":"https:\/\/www.ayuntamientodeharia.com\/haria\/wp-json\/wp\/v2\/tags?post=18003"}],"curies":[{"name":"wp","href":"https:\/\/api.w.org\/{rel}","templated":true}]}}