{"id":18000,"date":"2020-03-14T11:09:05","date_gmt":"2020-03-14T11:09:05","guid":{"rendered":"https:\/\/www.ayuntamientodeharia.com\/haria\/?p=18000"},"modified":"2020-03-14T11:09:05","modified_gmt":"2020-03-14T11:09:05","slug":"los-alumnos-del-ceip-san-juan-acompanan-a-los-mayores","status":"publish","type":"post","link":"https:\/\/www.ayuntamientodeharia.com\/haria\/los-alumnos-del-ceip-san-juan-acompanan-a-los-mayores\/","title":{"rendered":"Los alumnos del CEIP San Juan acompa\u00f1an a los mayores"},"content":{"rendered":"<p>El alumnado del CEIP San Juan de Har\u00eda est\u00e1 llevando a cabo un proyecto de Aprendizaje-Servicio con la residencia de mayores Amavir-Har\u00eda, denominado \u2018Acompa\u00f1ando a nuestros mayores\u2019.<\/p>\n<p><!--more--><\/p>\n<p>&nbsp;<\/p>\n<p>El objetivo principal del proyecto es cooperar en la mejora de la calidad de vida de los mayores de nuestro municipio a trav\u00e9s de la compa\u00f1\u00eda y de la realizaci\u00f3n conjunta de diferentes actividades.<\/p>\n<p>&nbsp;<\/p>\n<p>Inicialmente, el alumnado ha realizado un trabajo de investigaci\u00f3n sobre las residencias de mayores y han entrevistado en la emisora de radio escolar, \u2018A la sombra de la palmera\u2019, a diferentes profesionales que trabajan en dicho centro.<\/p>\n<p>&nbsp;<\/p>\n<p>Se han realizado dos talleres, uno de elaboraci\u00f3n de m\u00e1scaras con material reciclado y otro de batucada. Ha sido una gran experiencia de aprendizaje mutuo, tanto para el alumnado como para nuestros mayores.<\/p>\n","protected":false},"excerpt":{"rendered":"<p>El alumnado del CEIP San Juan de Har\u00eda est\u00e1 llevando a cabo un proyecto de Aprendizaje-Servicio con la residencia de mayores Amavir-Har\u00eda, denominado \u2018Acompa\u00f1ando a nuestros mayores\u2019.<\/p>\n","protected":false},"author":7,"featured_media":18001,"comment_status":"closed","ping_status":"closed","sticky":false,"template":"","format":"standard","meta":{"footnotes":""},"categories":[19,11,61],"tags":[],"class_list":["post-18000","post","type-post","status-publish","format-standard","has-post-thumbnail","hentry","category-formacion","category-hoja-de-haria","category-tercera-edad"],"_links":{"self":[{"href":"https:\/\/www.ayuntamientodeharia.com\/haria\/wp-json\/wp\/v2\/posts\/18000","targetHints":{"allow":["GET"]}}],"collection":[{"href":"https:\/\/www.ayuntamientodeharia.com\/haria\/wp-json\/wp\/v2\/posts"}],"about":[{"href":"https:\/\/www.ayuntamientodeharia.com\/haria\/wp-json\/wp\/v2\/types\/post"}],"author":[{"embeddable":true,"href":"https:\/\/www.ayuntamientodeharia.com\/haria\/wp-json\/wp\/v2\/users\/7"}],"replies":[{"embeddable":true,"href":"https:\/\/www.ayuntamientodeharia.com\/haria\/wp-json\/wp\/v2\/comments?post=18000"}],"version-history":[{"count":1,"href":"https:\/\/www.ayuntamientodeharia.com\/haria\/wp-json\/wp\/v2\/posts\/18000\/revisions"}],"predecessor-version":[{"id":18002,"href":"https:\/\/www.ayuntamientodeharia.com\/haria\/wp-json\/wp\/v2\/posts\/18000\/revisions\/18002"}],"wp:featuredmedia":[{"embeddable":true,"href":"https:\/\/www.ayuntamientodeharia.com\/haria\/wp-json\/wp\/v2\/media\/18001"}],"wp:attachment":[{"href":"https:\/\/www.ayuntamientodeharia.com\/haria\/wp-json\/wp\/v2\/media?parent=18000"}],"wp:term":[{"taxonomy":"category","embeddable":true,"href":"https:\/\/www.ayuntamientodeharia.com\/haria\/wp-json\/wp\/v2\/categories?post=18000"},{"taxonomy":"post_tag","embeddable":true,"href":"https:\/\/www.ayuntamientodeharia.com\/haria\/wp-json\/wp\/v2\/tags?post=18000"}],"curies":[{"name":"wp","href":"https:\/\/api.w.org\/{rel}","templated":true}]}}