{"id":17997,"date":"2020-03-14T11:07:31","date_gmt":"2020-03-14T11:07:31","guid":{"rendered":"https:\/\/www.ayuntamientodeharia.com\/haria\/?p=17997"},"modified":"2020-03-14T11:07:31","modified_gmt":"2020-03-14T11:07:31","slug":"la-guardameta-sara-niz-se-incorpora-al-equipo-femenino-de-la-ud-lanzarote","status":"publish","type":"post","link":"https:\/\/www.ayuntamientodeharia.com\/haria\/la-guardameta-sara-niz-se-incorpora-al-equipo-femenino-de-la-ud-lanzarote\/","title":{"rendered":"La guardameta Sara Niz se incorpora al equipo femenino de la UD Lanzarote"},"content":{"rendered":"<p>La UD Lanzarote, que juega en la Liga Preferente Territorial Femenina, se ha hecho con los servicios de la joven portera hariana Sara Niz, que en la actualidad militaba en la UD Tacuense B de la Liga Nacional Femenina, tercera m\u00e1xima categor\u00eda a nivel nacional.<\/p>\n<p><!--more--><\/p>\n<p>&nbsp;<\/p>\n<p>La guardameta se encuentra en la actualidad recuper\u00e1ndose de una fractura en el dedo me\u00f1ique de la mano izquierda, estando en la recta final de la fase de rehabilitaci\u00f3n. Desde el Ayuntamiento de Har\u00eda se felicita a la deportista lanzarote\u00f1a por este nuevo paso en su carrera y por la vuelta a su isla natal.<\/p>\n","protected":false},"excerpt":{"rendered":"<p>La UD Lanzarote, que juega en la Liga Preferente Territorial Femenina, se ha hecho con los servicios de la joven portera hariana Sara Niz, que en la actualidad militaba en la UD Tacuense B de la Liga Nacional Femenina, tercera m\u00e1xima categor\u00eda a nivel nacional.<\/p>\n","protected":false},"author":7,"featured_media":17998,"comment_status":"closed","ping_status":"closed","sticky":false,"template":"","format":"standard","meta":{"footnotes":""},"categories":[17,11],"tags":[],"class_list":["post-17997","post","type-post","status-publish","format-standard","has-post-thumbnail","hentry","category-deportes","category-hoja-de-haria"],"_links":{"self":[{"href":"https:\/\/www.ayuntamientodeharia.com\/haria\/wp-json\/wp\/v2\/posts\/17997","targetHints":{"allow":["GET"]}}],"collection":[{"href":"https:\/\/www.ayuntamientodeharia.com\/haria\/wp-json\/wp\/v2\/posts"}],"about":[{"href":"https:\/\/www.ayuntamientodeharia.com\/haria\/wp-json\/wp\/v2\/types\/post"}],"author":[{"embeddable":true,"href":"https:\/\/www.ayuntamientodeharia.com\/haria\/wp-json\/wp\/v2\/users\/7"}],"replies":[{"embeddable":true,"href":"https:\/\/www.ayuntamientodeharia.com\/haria\/wp-json\/wp\/v2\/comments?post=17997"}],"version-history":[{"count":1,"href":"https:\/\/www.ayuntamientodeharia.com\/haria\/wp-json\/wp\/v2\/posts\/17997\/revisions"}],"predecessor-version":[{"id":17999,"href":"https:\/\/www.ayuntamientodeharia.com\/haria\/wp-json\/wp\/v2\/posts\/17997\/revisions\/17999"}],"wp:featuredmedia":[{"embeddable":true,"href":"https:\/\/www.ayuntamientodeharia.com\/haria\/wp-json\/wp\/v2\/media\/17998"}],"wp:attachment":[{"href":"https:\/\/www.ayuntamientodeharia.com\/haria\/wp-json\/wp\/v2\/media?parent=17997"}],"wp:term":[{"taxonomy":"category","embeddable":true,"href":"https:\/\/www.ayuntamientodeharia.com\/haria\/wp-json\/wp\/v2\/categories?post=17997"},{"taxonomy":"post_tag","embeddable":true,"href":"https:\/\/www.ayuntamientodeharia.com\/haria\/wp-json\/wp\/v2\/tags?post=17997"}],"curies":[{"name":"wp","href":"https:\/\/api.w.org\/{rel}","templated":true}]}}