{"id":17935,"date":"2020-02-29T14:16:54","date_gmt":"2020-02-29T14:16:54","guid":{"rendered":"https:\/\/www.ayuntamientodeharia.com\/haria\/?p=17935"},"modified":"2020-02-29T14:25:58","modified_gmt":"2020-02-29T14:25:58","slug":"viaje-a-turquia","status":"publish","type":"post","link":"https:\/\/www.ayuntamientodeharia.com\/haria\/viaje-a-turquia\/","title":{"rendered":"El Ayuntamiento organiza un viaje a Turqu\u00eda"},"content":{"rendered":"<p>La Concejal\u00eda de Participaci\u00f3n Ciudadana, coordinada por Chaxiraxi Niz, organiza un viaje a Turqu\u00eda para los vecinos del municipio, del 14 al 22 de julio.<\/p>\n<p><!--more--><\/p>\n<p>&nbsp;<\/p>\n<p>El itinerario incluye las visitas a Estambul, Capadocia, Konya, Pamukkale, Efeso e Izmir, con salida y vuelta desde Madrid.<\/p>\n<p>&nbsp;<\/p>\n<p>Para m\u00e1s informaci\u00f3n e inscripciones pueden llamar al 928 865 633, en horario de 9:00 a 14:00 horas<\/p>\n<p>&nbsp;<\/p>\n","protected":false},"excerpt":{"rendered":"<p>La Concejal\u00eda de Participaci\u00f3n Ciudadana, coordinada por Chaxiraxi Niz, organiza un viaje a Turqu\u00eda para los vecinos del municipio, del 14 al 22 de julio.<\/p>\n","protected":false},"author":7,"featured_media":17936,"comment_status":"closed","ping_status":"closed","sticky":false,"template":"","format":"standard","meta":{"footnotes":""},"categories":[11,111],"tags":[],"class_list":["post-17935","post","type-post","status-publish","format-standard","has-post-thumbnail","hentry","category-hoja-de-haria","category-participacion-ciudadana"],"_links":{"self":[{"href":"https:\/\/www.ayuntamientodeharia.com\/haria\/wp-json\/wp\/v2\/posts\/17935","targetHints":{"allow":["GET"]}}],"collection":[{"href":"https:\/\/www.ayuntamientodeharia.com\/haria\/wp-json\/wp\/v2\/posts"}],"about":[{"href":"https:\/\/www.ayuntamientodeharia.com\/haria\/wp-json\/wp\/v2\/types\/post"}],"author":[{"embeddable":true,"href":"https:\/\/www.ayuntamientodeharia.com\/haria\/wp-json\/wp\/v2\/users\/7"}],"replies":[{"embeddable":true,"href":"https:\/\/www.ayuntamientodeharia.com\/haria\/wp-json\/wp\/v2\/comments?post=17935"}],"version-history":[{"count":2,"href":"https:\/\/www.ayuntamientodeharia.com\/haria\/wp-json\/wp\/v2\/posts\/17935\/revisions"}],"predecessor-version":[{"id":17945,"href":"https:\/\/www.ayuntamientodeharia.com\/haria\/wp-json\/wp\/v2\/posts\/17935\/revisions\/17945"}],"wp:featuredmedia":[{"embeddable":true,"href":"https:\/\/www.ayuntamientodeharia.com\/haria\/wp-json\/wp\/v2\/media\/17936"}],"wp:attachment":[{"href":"https:\/\/www.ayuntamientodeharia.com\/haria\/wp-json\/wp\/v2\/media?parent=17935"}],"wp:term":[{"taxonomy":"category","embeddable":true,"href":"https:\/\/www.ayuntamientodeharia.com\/haria\/wp-json\/wp\/v2\/categories?post=17935"},{"taxonomy":"post_tag","embeddable":true,"href":"https:\/\/www.ayuntamientodeharia.com\/haria\/wp-json\/wp\/v2\/tags?post=17935"}],"curies":[{"name":"wp","href":"https:\/\/api.w.org\/{rel}","templated":true}]}}