{"id":17933,"date":"2020-02-29T14:15:42","date_gmt":"2020-02-29T14:15:42","guid":{"rendered":"https:\/\/www.ayuntamientodeharia.com\/haria\/?p=17933"},"modified":"2020-02-29T14:15:42","modified_gmt":"2020-02-29T14:15:42","slug":"reconocimiento-de-la-experiencia-laboral-en-14-cualificaciones-profesionales","status":"publish","type":"post","link":"https:\/\/www.ayuntamientodeharia.com\/haria\/reconocimiento-de-la-experiencia-laboral-en-14-cualificaciones-profesionales\/","title":{"rendered":"Reconocimiento de la experiencia laboral en 14 cualificaciones profesionales"},"content":{"rendered":"<p><img decoding=\"async\" class=\"alignleft size-thumbnail wp-image-14336\" src=\"https:\/\/www.ayuntamientodeharia.com\/haria\/wp-content\/uploads\/2018\/09\/Obras-en-M\u00e1guez-2-150x150.jpg\" alt=\"\" width=\"150\" height=\"150\" \/>El Ayuntamiento informa de que el Gobierno de Canarias convoca un total de 552 plazas para el procedimiento de evaluaci\u00f3n y acreditaci\u00f3n de las competencias profesionales adquiridas a trav\u00e9s de la experiencia laboral o de v\u00edas no formales de formaci\u00f3n de 12 cualificaciones profesionales, de las que tres de ellas se convocan por primera vez.<\/p>\n<p><!--more--><\/p>\n<p>&nbsp;<\/p>\n<p>Este procedimiento permitir\u00e1 a las personas que superen las distintas fases de las que consta, obtener una titulaci\u00f3n oficial (Certificado de profesionalidad o parte de un T\u00edtulo de Formaci\u00f3n Profesional) que haga visible sus competencias profesionales y les brinde la posibilidad de seguir desempe\u00f1ando su profesi\u00f3n con plenas garant\u00edas.<\/p>\n<p>&nbsp;<\/p>\n<p>Las personas interesadas podr\u00e1n solicitar su inscripci\u00f3n en el proceso en cualquier oficina del SCE hasta el 13 de marzo de este a\u00f1o. Tanto la solicitud de inscripci\u00f3n como los requisitos, documentaci\u00f3n necesaria e informaci\u00f3n general del proceso pueden consultarse en la web del Servicio Canario de Empleo: www.gobiernodecanarias.org\/empleo.<\/p>\n","protected":false},"excerpt":{"rendered":"<p>El Ayuntamiento informa de que el Gobierno de Canarias convoca un total de 552 plazas para el procedimiento de evaluaci\u00f3n y acreditaci\u00f3n de las competencias profesionales adquiridas a trav\u00e9s de la experiencia laboral o de v\u00edas no formales de formaci\u00f3n de 12 cualificaciones profesionales, de las que tres de ellas se convocan por primera vez.<\/p>\n","protected":false},"author":7,"featured_media":0,"comment_status":"closed","ping_status":"closed","sticky":false,"template":"","format":"standard","meta":{"footnotes":""},"categories":[173,11],"tags":[],"class_list":["post-17933","post","type-post","status-publish","format-standard","hentry","category-empleo","category-hoja-de-haria"],"_links":{"self":[{"href":"https:\/\/www.ayuntamientodeharia.com\/haria\/wp-json\/wp\/v2\/posts\/17933","targetHints":{"allow":["GET"]}}],"collection":[{"href":"https:\/\/www.ayuntamientodeharia.com\/haria\/wp-json\/wp\/v2\/posts"}],"about":[{"href":"https:\/\/www.ayuntamientodeharia.com\/haria\/wp-json\/wp\/v2\/types\/post"}],"author":[{"embeddable":true,"href":"https:\/\/www.ayuntamientodeharia.com\/haria\/wp-json\/wp\/v2\/users\/7"}],"replies":[{"embeddable":true,"href":"https:\/\/www.ayuntamientodeharia.com\/haria\/wp-json\/wp\/v2\/comments?post=17933"}],"version-history":[{"count":1,"href":"https:\/\/www.ayuntamientodeharia.com\/haria\/wp-json\/wp\/v2\/posts\/17933\/revisions"}],"predecessor-version":[{"id":17934,"href":"https:\/\/www.ayuntamientodeharia.com\/haria\/wp-json\/wp\/v2\/posts\/17933\/revisions\/17934"}],"wp:attachment":[{"href":"https:\/\/www.ayuntamientodeharia.com\/haria\/wp-json\/wp\/v2\/media?parent=17933"}],"wp:term":[{"taxonomy":"category","embeddable":true,"href":"https:\/\/www.ayuntamientodeharia.com\/haria\/wp-json\/wp\/v2\/categories?post=17933"},{"taxonomy":"post_tag","embeddable":true,"href":"https:\/\/www.ayuntamientodeharia.com\/haria\/wp-json\/wp\/v2\/tags?post=17933"}],"curies":[{"name":"wp","href":"https:\/\/api.w.org\/{rel}","templated":true}]}}