{"id":17931,"date":"2020-02-29T14:01:23","date_gmt":"2020-02-29T14:01:23","guid":{"rendered":"https:\/\/www.ayuntamientodeharia.com\/haria\/?p=17931"},"modified":"2020-02-29T14:01:23","modified_gmt":"2020-02-29T14:01:23","slug":"cobro-de-cuotas-de-la-asociacion-de-la-tercera-edad","status":"publish","type":"post","link":"https:\/\/www.ayuntamientodeharia.com\/haria\/cobro-de-cuotas-de-la-asociacion-de-la-tercera-edad\/","title":{"rendered":"Cobro de cuotas de la asociaci\u00f3n de la Tercera Edad"},"content":{"rendered":"<p><img decoding=\"async\" class=\"alignleft size-thumbnail wp-image-17825\" src=\"https:\/\/www.ayuntamientodeharia.com\/haria\/wp-content\/uploads\/2020\/02\/Tercera-Edad-150x150.jpg\" alt=\"\" width=\"150\" height=\"150\" \/>La presidenta de la asociaci\u00f3n de la Tercera Edad Palmeral del Norte, Mar\u00eda de los \u00c1ngeles Perdomo, comunica a los socios que a partir del domingo 1 de marzo, la cuota de la asociaci\u00f3n se cobrar\u00e1 los lunes, mi\u00e9rcoles y viernes, de 10:00 a 13:00 horas, en la tienda del Taller de Artesan\u00eda de Har\u00eda.<\/p>\n","protected":false},"excerpt":{"rendered":"<p>La presidenta de la asociaci\u00f3n de la Tercera Edad Palmeral del Norte, Mar\u00eda de los \u00c1ngeles Perdomo, comunica a los socios que a partir del domingo 1 de marzo, la cuota de la asociaci\u00f3n se cobrar\u00e1 los lunes, mi\u00e9rcoles y viernes, de 10:00 a 13:00 horas, en la tienda del Taller de Artesan\u00eda de Har\u00eda.<\/p>\n","protected":false},"author":7,"featured_media":0,"comment_status":"closed","ping_status":"closed","sticky":false,"template":"","format":"standard","meta":{"footnotes":""},"categories":[11,61],"tags":[],"class_list":["post-17931","post","type-post","status-publish","format-standard","hentry","category-hoja-de-haria","category-tercera-edad"],"_links":{"self":[{"href":"https:\/\/www.ayuntamientodeharia.com\/haria\/wp-json\/wp\/v2\/posts\/17931","targetHints":{"allow":["GET"]}}],"collection":[{"href":"https:\/\/www.ayuntamientodeharia.com\/haria\/wp-json\/wp\/v2\/posts"}],"about":[{"href":"https:\/\/www.ayuntamientodeharia.com\/haria\/wp-json\/wp\/v2\/types\/post"}],"author":[{"embeddable":true,"href":"https:\/\/www.ayuntamientodeharia.com\/haria\/wp-json\/wp\/v2\/users\/7"}],"replies":[{"embeddable":true,"href":"https:\/\/www.ayuntamientodeharia.com\/haria\/wp-json\/wp\/v2\/comments?post=17931"}],"version-history":[{"count":1,"href":"https:\/\/www.ayuntamientodeharia.com\/haria\/wp-json\/wp\/v2\/posts\/17931\/revisions"}],"predecessor-version":[{"id":17932,"href":"https:\/\/www.ayuntamientodeharia.com\/haria\/wp-json\/wp\/v2\/posts\/17931\/revisions\/17932"}],"wp:attachment":[{"href":"https:\/\/www.ayuntamientodeharia.com\/haria\/wp-json\/wp\/v2\/media?parent=17931"}],"wp:term":[{"taxonomy":"category","embeddable":true,"href":"https:\/\/www.ayuntamientodeharia.com\/haria\/wp-json\/wp\/v2\/categories?post=17931"},{"taxonomy":"post_tag","embeddable":true,"href":"https:\/\/www.ayuntamientodeharia.com\/haria\/wp-json\/wp\/v2\/tags?post=17931"}],"curies":[{"name":"wp","href":"https:\/\/api.w.org\/{rel}","templated":true}]}}