{"id":17929,"date":"2020-02-29T13:58:49","date_gmt":"2020-02-29T13:58:49","guid":{"rendered":"https:\/\/www.ayuntamientodeharia.com\/haria\/?p=17929"},"modified":"2020-02-29T13:58:49","modified_gmt":"2020-02-29T13:58:49","slug":"reunion-para-sortear-el-orden-de-participacion-en-el-coso-de-haria","status":"publish","type":"post","link":"https:\/\/www.ayuntamientodeharia.com\/haria\/reunion-para-sortear-el-orden-de-participacion-en-el-coso-de-haria\/","title":{"rendered":"Reuni\u00f3n para sortear el orden de participaci\u00f3n en el Coso de Har\u00eda"},"content":{"rendered":"<p><img decoding=\"async\" class=\"alignleft size-thumbnail wp-image-12388\" src=\"https:\/\/www.ayuntamientodeharia.com\/haria\/wp-content\/uploads\/2018\/05\/Selecci\u00f3n_023-150x150.png\" alt=\"\" width=\"150\" height=\"150\" \/>El \u00c1rea de Festejos, coordinado por Soraya Brito, convoca a los carroceros a una reuni\u00f3n informativa el pr\u00f3ximo martes, 3 de marzo, a las 18:00 horas, en el Sal\u00f3n de Plenos del Ayuntamiento, en la que se llevar\u00e1 a cabo el sorteo del orden de participaci\u00f3n en el Coso del Carnaval de Har\u00eda 2020.<\/p>\n","protected":false},"excerpt":{"rendered":"<p>El \u00c1rea de Festejos, coordinado por Soraya Brito, convoca a los carroceros a una reuni\u00f3n informativa el pr\u00f3ximo martes, 3 de marzo, a las 18:00 horas, en el Sal\u00f3n de Plenos del Ayuntamiento, en la que se llevar\u00e1 a cabo el sorteo del orden de participaci\u00f3n en el Coso del Carnaval de Har\u00eda 2020.<\/p>\n","protected":false},"author":7,"featured_media":0,"comment_status":"closed","ping_status":"closed","sticky":false,"template":"","format":"standard","meta":{"footnotes":""},"categories":[15,11],"tags":[],"class_list":["post-17929","post","type-post","status-publish","format-standard","hentry","category-festejos","category-hoja-de-haria"],"_links":{"self":[{"href":"https:\/\/www.ayuntamientodeharia.com\/haria\/wp-json\/wp\/v2\/posts\/17929","targetHints":{"allow":["GET"]}}],"collection":[{"href":"https:\/\/www.ayuntamientodeharia.com\/haria\/wp-json\/wp\/v2\/posts"}],"about":[{"href":"https:\/\/www.ayuntamientodeharia.com\/haria\/wp-json\/wp\/v2\/types\/post"}],"author":[{"embeddable":true,"href":"https:\/\/www.ayuntamientodeharia.com\/haria\/wp-json\/wp\/v2\/users\/7"}],"replies":[{"embeddable":true,"href":"https:\/\/www.ayuntamientodeharia.com\/haria\/wp-json\/wp\/v2\/comments?post=17929"}],"version-history":[{"count":1,"href":"https:\/\/www.ayuntamientodeharia.com\/haria\/wp-json\/wp\/v2\/posts\/17929\/revisions"}],"predecessor-version":[{"id":17930,"href":"https:\/\/www.ayuntamientodeharia.com\/haria\/wp-json\/wp\/v2\/posts\/17929\/revisions\/17930"}],"wp:attachment":[{"href":"https:\/\/www.ayuntamientodeharia.com\/haria\/wp-json\/wp\/v2\/media?parent=17929"}],"wp:term":[{"taxonomy":"category","embeddable":true,"href":"https:\/\/www.ayuntamientodeharia.com\/haria\/wp-json\/wp\/v2\/categories?post=17929"},{"taxonomy":"post_tag","embeddable":true,"href":"https:\/\/www.ayuntamientodeharia.com\/haria\/wp-json\/wp\/v2\/tags?post=17929"}],"curies":[{"name":"wp","href":"https:\/\/api.w.org\/{rel}","templated":true}]}}