{"id":17924,"date":"2020-02-29T13:54:23","date_gmt":"2020-02-29T13:54:23","guid":{"rendered":"https:\/\/www.ayuntamientodeharia.com\/haria\/?p=17924"},"modified":"2020-02-29T13:54:37","modified_gmt":"2020-02-29T13:54:37","slug":"al-despedirme-de-ti-llore-por-gemma-garcia-acosta","status":"publish","type":"post","link":"https:\/\/www.ayuntamientodeharia.com\/haria\/al-despedirme-de-ti-llore-por-gemma-garcia-acosta\/","title":{"rendered":"Al despedirme de ti llor\u00e9. Por Gemma Garc\u00eda Acosta"},"content":{"rendered":"<p><img decoding=\"async\" class=\"alignleft size-thumbnail wp-image-17925\" src=\"https:\/\/www.ayuntamientodeharia.com\/haria\/wp-content\/uploads\/2020\/02\/Cementerio-150x150.jpg\" alt=\"\" width=\"150\" height=\"150\" \/>Al despedirme de ti llor\u00e9<br \/>\nAll\u00ed dej\u00e9 el cementerio blanco, de pic\u00f3n<\/p>\n<p>Me conmovi\u00f3 llegar<br \/>\nLa plaza grande<br \/>\nLos vecinos de siempre<br \/>\nEl mudo del pueblo<\/p>\n<p><!--more--><\/p>\n<p>&nbsp;<\/p>\n<p>Mi primer amor<br \/>\nMi primer dolor<br \/>\nMi coraz\u00f3n<\/p>\n<p>La voz de mi t\u00eda<br \/>\nEl olor a San Juan<br \/>\nLa iglesia h\u00fameda y fr\u00eda<\/p>\n<p>All\u00ed te dej\u00e9<br \/>\nLlor\u00e9 al despedirme de ti<\/p>\n<p>Me conmovi\u00f3 el abrazo de mi infancia<br \/>\nAll\u00ed padre te dej\u00e9, en el cementerio de pic\u00f3n<br \/>\nLuc\u00eda un gran sol<br \/>\nHac\u00eda calor<\/p>\n<p>El abraz\u00f3 lo guard\u00e9<\/p>\n<p>De mi gente, mi recuerdo<br \/>\nLloros quedan en mi coraz\u00f3n<br \/>\nHac\u00eda calor<br \/>\nEn mi pueblo<br \/>\nMi primer amor<\/p>\n","protected":false},"excerpt":{"rendered":"<p>Al despedirme de ti llor\u00e9 All\u00ed dej\u00e9 el cementerio blanco, de pic\u00f3n Me conmovi\u00f3 llegar La plaza grande Los vecinos de siempre El mudo del pueblo<\/p>\n","protected":false},"author":7,"featured_media":0,"comment_status":"closed","ping_status":"closed","sticky":false,"template":"","format":"standard","meta":{"footnotes":""},"categories":[11],"tags":[],"class_list":["post-17924","post","type-post","status-publish","format-standard","hentry","category-hoja-de-haria"],"_links":{"self":[{"href":"https:\/\/www.ayuntamientodeharia.com\/haria\/wp-json\/wp\/v2\/posts\/17924","targetHints":{"allow":["GET"]}}],"collection":[{"href":"https:\/\/www.ayuntamientodeharia.com\/haria\/wp-json\/wp\/v2\/posts"}],"about":[{"href":"https:\/\/www.ayuntamientodeharia.com\/haria\/wp-json\/wp\/v2\/types\/post"}],"author":[{"embeddable":true,"href":"https:\/\/www.ayuntamientodeharia.com\/haria\/wp-json\/wp\/v2\/users\/7"}],"replies":[{"embeddable":true,"href":"https:\/\/www.ayuntamientodeharia.com\/haria\/wp-json\/wp\/v2\/comments?post=17924"}],"version-history":[{"count":3,"href":"https:\/\/www.ayuntamientodeharia.com\/haria\/wp-json\/wp\/v2\/posts\/17924\/revisions"}],"predecessor-version":[{"id":17928,"href":"https:\/\/www.ayuntamientodeharia.com\/haria\/wp-json\/wp\/v2\/posts\/17924\/revisions\/17928"}],"wp:attachment":[{"href":"https:\/\/www.ayuntamientodeharia.com\/haria\/wp-json\/wp\/v2\/media?parent=17924"}],"wp:term":[{"taxonomy":"category","embeddable":true,"href":"https:\/\/www.ayuntamientodeharia.com\/haria\/wp-json\/wp\/v2\/categories?post=17924"},{"taxonomy":"post_tag","embeddable":true,"href":"https:\/\/www.ayuntamientodeharia.com\/haria\/wp-json\/wp\/v2\/tags?post=17924"}],"curies":[{"name":"wp","href":"https:\/\/api.w.org\/{rel}","templated":true}]}}