{"id":17904,"date":"2020-02-21T13:34:22","date_gmt":"2020-02-21T13:34:22","guid":{"rendered":"https:\/\/www.ayuntamientodeharia.com\/haria\/?p=17904"},"modified":"2020-02-21T13:35:36","modified_gmt":"2020-02-21T13:35:36","slug":"haria-impulsa-un-proceso-participativo-para-determinar-sus-lineas-de-actuacion-en-materia-ambiental","status":"publish","type":"post","link":"https:\/\/www.ayuntamientodeharia.com\/haria\/haria-impulsa-un-proceso-participativo-para-determinar-sus-lineas-de-actuacion-en-materia-ambiental\/","title":{"rendered":"Har\u00eda impulsa un proceso participativo para determinar sus l\u00edneas de actuaci\u00f3n en materia ambiental"},"content":{"rendered":"<p>El Ayuntamiento de Har\u00eda, a trav\u00e9s de la Concejal\u00eda de Medio Ambiente, que coordina V\u00edctor Robayna, impulsa un proceso participativo para determinar las l\u00edneas de actuaci\u00f3n del Consistorio en materia ambiental.<\/p>\n<p><!--more--><\/p>\n<p>&nbsp;<\/p>\n<p>El objetivo de esta iniciativa es articular respuestas y acciones viables que preserven la excepcional biodiversidad del norte de la Isla y los intereses sociales, productivos y econ\u00f3micos vinculados a la conservaci\u00f3n efectiva del territorio.<\/p>\n<p>&nbsp;<\/p>\n<p>\u201cLa finalidad del proyecto es determinar y priorizar las medidas que se pondr\u00e1n en marcha en el municipio a corto, medio y largo plazo, atendiendo tanto a las necesidades ciudadanas como a la actualidad ambiental condicionada en los \u00faltimos tiempos por la emergencia clim\u00e1tica\u201d, explica el alcalde norte\u00f1o, Alfredo Villalba.<\/p>\n<p>&nbsp;<\/p>\n<p>Las afecciones del calentamiento global son patentes en todo el Archipi\u00e9lago y tambi\u00e9n en Har\u00eda, donde las reiteradas sequ\u00edas y los procesos erosivos se agravan por el progresivo abandono de tradicionales \u00e1reas de cultivo que anta\u00f1o manten\u00edan el paisaje y la conservaci\u00f3n de especies de fauna y flora determinantes para el equilibrio de los ecosistemas.<\/p>\n<p>&nbsp;<\/p>\n<p>Esta hoja de ruta abordar\u00e1 adem\u00e1s la situaci\u00f3n de los espacios costeros, sus playas y litorales rocosos, y conjugar\u00e1 las propuestas de conservaci\u00f3n con medidas de adaptaci\u00f3n y de reducci\u00f3n de emisiones de gases de efecto invernadero.<\/p>\n<p>&nbsp;<\/p>\n<p>La Concejal\u00eda de Medio Ambiente impulsa, mediante este proceso, el dise\u00f1o de una hoja de ruta in\u00e9dita en Lanzarote, implementada tras un preciso y actualizado diagn\u00f3stico para intervenir con soluciones viables y realistas sobre el escenario medioambiental de Har\u00eda. Este proceso ser\u00e1 resultado del dialogo constructivo con el conjunto de la sociedad del municipio y de los diferentes agentes implicados en el \u00e1mbito municipal, insular y auton\u00f3mico.<\/p>\n<p>&nbsp;<\/p>\n<p><strong>Tres fases<\/strong><\/p>\n<p>&nbsp;<\/p>\n<p>La primera fase consistir\u00e1 en el an\u00e1lisis y diagn\u00f3stico del municipio, sus necesidades, competencias y recursos, mientras que en una segunda fase se abrir\u00e1 un proceso de consultas al que se invitar\u00e1 a organizaciones y grupos de actividad sectorial para la elaboraci\u00f3n de propuestas por medio de aportaciones y documentos de devoluci\u00f3n. En esta fase se contemplan presentaciones audiovisuales en todas y cada una de las localidades del municipio, a fin de que toda la poblaci\u00f3n de Har\u00eda tenga la oportunidad de conocer, opinar y participar en el dise\u00f1o e implementaci\u00f3n del futuro plan de acci\u00f3n medioambiental.<\/p>\n<p>&nbsp;<\/p>\n<p>La \u00faltima fase, enriquecida con las aportaciones derivadas del proceso participativo, establecer\u00e1 y propondr\u00e1 para su aprobaci\u00f3n definitiva la hoja de ruta resultante con las l\u00edneas maestras y las medidas a desarrollar desde el Ayuntamiento. El Consistorio se compromete a establecer l\u00edneas de comunicaci\u00f3n permanentes con la ciudadan\u00eda para poner en su conocimiento cada uno de los pasos definidos en la estrategia.<\/p>\n<p>&nbsp;<\/p>\n<p>En palabras del concejal V\u00edctor Robayna, \u201cel papel del municipalismo, el compromiso y las acciones a nivel local y la implicacio\u0301n de la ciudadan\u00eda son claves para proteger nuestra naturaleza y los intereses m\u00e1s vitales que dependen de ella, mejorando progresivamente la gobernanza\u201d.<\/p>\n","protected":false},"excerpt":{"rendered":"<p>El Ayuntamiento de Har\u00eda, a trav\u00e9s de la Concejal\u00eda de Medio Ambiente, que coordina V\u00edctor Robayna, impulsa un proceso participativo para determinar las l\u00edneas de actuaci\u00f3n del Consistorio en materia ambiental.<\/p>\n","protected":false},"author":7,"featured_media":17905,"comment_status":"closed","ping_status":"closed","sticky":false,"template":"","format":"standard","meta":{"footnotes":""},"categories":[73,11,51],"tags":[],"class_list":["post-17904","post","type-post","status-publish","format-standard","has-post-thumbnail","hentry","category-alcaldia","category-hoja-de-haria","category-medioambiente"],"_links":{"self":[{"href":"https:\/\/www.ayuntamientodeharia.com\/haria\/wp-json\/wp\/v2\/posts\/17904","targetHints":{"allow":["GET"]}}],"collection":[{"href":"https:\/\/www.ayuntamientodeharia.com\/haria\/wp-json\/wp\/v2\/posts"}],"about":[{"href":"https:\/\/www.ayuntamientodeharia.com\/haria\/wp-json\/wp\/v2\/types\/post"}],"author":[{"embeddable":true,"href":"https:\/\/www.ayuntamientodeharia.com\/haria\/wp-json\/wp\/v2\/users\/7"}],"replies":[{"embeddable":true,"href":"https:\/\/www.ayuntamientodeharia.com\/haria\/wp-json\/wp\/v2\/comments?post=17904"}],"version-history":[{"count":3,"href":"https:\/\/www.ayuntamientodeharia.com\/haria\/wp-json\/wp\/v2\/posts\/17904\/revisions"}],"predecessor-version":[{"id":17908,"href":"https:\/\/www.ayuntamientodeharia.com\/haria\/wp-json\/wp\/v2\/posts\/17904\/revisions\/17908"}],"wp:featuredmedia":[{"embeddable":true,"href":"https:\/\/www.ayuntamientodeharia.com\/haria\/wp-json\/wp\/v2\/media\/17905"}],"wp:attachment":[{"href":"https:\/\/www.ayuntamientodeharia.com\/haria\/wp-json\/wp\/v2\/media?parent=17904"}],"wp:term":[{"taxonomy":"category","embeddable":true,"href":"https:\/\/www.ayuntamientodeharia.com\/haria\/wp-json\/wp\/v2\/categories?post=17904"},{"taxonomy":"post_tag","embeddable":true,"href":"https:\/\/www.ayuntamientodeharia.com\/haria\/wp-json\/wp\/v2\/tags?post=17904"}],"curies":[{"name":"wp","href":"https:\/\/api.w.org\/{rel}","templated":true}]}}