{"id":17901,"date":"2020-02-21T13:33:08","date_gmt":"2020-02-21T13:33:08","guid":{"rendered":"https:\/\/www.ayuntamientodeharia.com\/haria\/?p=17901"},"modified":"2020-02-21T13:33:08","modified_gmt":"2020-02-21T13:33:08","slug":"en-marcha-la-proxima-edicion-de-la-haria-extreme-lanzarote","status":"publish","type":"post","link":"https:\/\/www.ayuntamientodeharia.com\/haria\/en-marcha-la-proxima-edicion-de-la-haria-extreme-lanzarote\/","title":{"rendered":"En marcha la pr\u00f3xima edici\u00f3n de la \u2018Har\u00eda Extreme Lanzarote\u2019"},"content":{"rendered":"<p>El alcalde de Har\u00eda, Alfredo Villalba, acompa\u00f1ado del segundo teniente de alcalde, Celestino Socas, la coordinadora de la prueba, Susana G\u00f3mez y personal de Arista Eventos, se reunieron recientemente con Tomo Sarf, secretario de la World Mountain Running Association, para ir revisando recorridos y definiendo los aspectos principales de la pr\u00f3xima edici\u00f3n de la \u2018Har\u00eda Extreme Lanzarote\u2019.<\/p>\n<p><!--more--><\/p>\n<p>&nbsp;<\/p>\n<p>Cabe recordar que la d\u00e9cima edici\u00f3n de la prueba conejera fue escogida para acoger tambi\u00e9n el \u2018World Mountain Running Championships\u2019, siendo la primera vez que se celebre en Espa\u00f1a una prueba de la asociaci\u00f3n a la que la IAAF (Federaci\u00f3n Internacional de Atletismo) conf\u00eda el trail running, lo que supone todo un \u00e9xito pero tambi\u00e9n una gran responsabilidad para todos los organizadores y patrocinadores.<\/p>\n<p>&nbsp;<\/p>\n","protected":false},"excerpt":{"rendered":"<p>El alcalde de Har\u00eda, Alfredo Villalba, acompa\u00f1ado del segundo teniente de alcalde, Celestino Socas, la coordinadora de la prueba, Susana G\u00f3mez y personal de Arista Eventos, se reunieron recientemente con Tomo Sarf, secretario de la World Mountain Running Association, para ir revisando recorridos y definiendo los aspectos principales de la pr\u00f3xima edici\u00f3n de la \u2018Har\u00eda [&hellip;]<\/p>\n","protected":false},"author":7,"featured_media":17902,"comment_status":"closed","ping_status":"closed","sticky":false,"template":"","format":"standard","meta":{"footnotes":""},"categories":[73,17,11],"tags":[],"class_list":["post-17901","post","type-post","status-publish","format-standard","has-post-thumbnail","hentry","category-alcaldia","category-deportes","category-hoja-de-haria"],"_links":{"self":[{"href":"https:\/\/www.ayuntamientodeharia.com\/haria\/wp-json\/wp\/v2\/posts\/17901","targetHints":{"allow":["GET"]}}],"collection":[{"href":"https:\/\/www.ayuntamientodeharia.com\/haria\/wp-json\/wp\/v2\/posts"}],"about":[{"href":"https:\/\/www.ayuntamientodeharia.com\/haria\/wp-json\/wp\/v2\/types\/post"}],"author":[{"embeddable":true,"href":"https:\/\/www.ayuntamientodeharia.com\/haria\/wp-json\/wp\/v2\/users\/7"}],"replies":[{"embeddable":true,"href":"https:\/\/www.ayuntamientodeharia.com\/haria\/wp-json\/wp\/v2\/comments?post=17901"}],"version-history":[{"count":1,"href":"https:\/\/www.ayuntamientodeharia.com\/haria\/wp-json\/wp\/v2\/posts\/17901\/revisions"}],"predecessor-version":[{"id":17903,"href":"https:\/\/www.ayuntamientodeharia.com\/haria\/wp-json\/wp\/v2\/posts\/17901\/revisions\/17903"}],"wp:featuredmedia":[{"embeddable":true,"href":"https:\/\/www.ayuntamientodeharia.com\/haria\/wp-json\/wp\/v2\/media\/17902"}],"wp:attachment":[{"href":"https:\/\/www.ayuntamientodeharia.com\/haria\/wp-json\/wp\/v2\/media?parent=17901"}],"wp:term":[{"taxonomy":"category","embeddable":true,"href":"https:\/\/www.ayuntamientodeharia.com\/haria\/wp-json\/wp\/v2\/categories?post=17901"},{"taxonomy":"post_tag","embeddable":true,"href":"https:\/\/www.ayuntamientodeharia.com\/haria\/wp-json\/wp\/v2\/tags?post=17901"}],"curies":[{"name":"wp","href":"https:\/\/api.w.org\/{rel}","templated":true}]}}