{"id":17898,"date":"2020-02-21T13:30:59","date_gmt":"2020-02-21T13:30:59","guid":{"rendered":"https:\/\/www.ayuntamientodeharia.com\/haria\/?p=17898"},"modified":"2020-02-21T13:30:59","modified_gmt":"2020-02-21T13:30:59","slug":"la-subida-de-haria-calienta-motores","status":"publish","type":"post","link":"https:\/\/www.ayuntamientodeharia.com\/haria\/la-subida-de-haria-calienta-motores\/","title":{"rendered":"La \u2018Subida de Har\u00eda\u2019 calienta motores"},"content":{"rendered":"<p>El primer edil norte\u00f1o,\u00a0<a href=\"https:\/\/www.facebook.com\/AlfredoVillalbaBarreto\/?__tn__=K-R&amp;eid=ARB41lCxRhLSlelhgILH3VSmfLFvnGwx5cPg9HPXvXY_neVtaVxNt_mOoRuqgLwEdMWQTqpwS4Y9hdqj&amp;fref=mentions&amp;__xts__%5B0%5D=68.ARBxSFzzyVwKjFFymakz3B72l3R4NTQqzX814XqmsHUnpv-WQeN2c58YAayGP9HwVUVNjbRDq-N-0ZX0_2IiZMNS0VWdGAk6jLIrSKODhAkw13wKOp0tUH0AFjxN6nEBZ1SHOoberY4dNfOixtx02bU5s_RxYF-nccRNQC5pzF6FXZ8edvIntbkbhwM3wzO-aZA3cKwQILdJKcf_ZK_-Rk3FePHPgEK6rcWhixHjYLWqiuAggg77__nj1OMF6OzEM_lDXnXPpDBYzViPnIaLwdIWXaGCRAEEuAzFPUGsyUvDyaNSng5_jXJX0Y3f3fJuUl7ZkOyNH5ZXjZxGslF1_z_gPA\">Alfredo Villalba Barreto<\/a>,\u00a0y el nuevo concejal de la Corporaci\u00f3n, Alejandro Hern\u00e1ndez, se reunieron tambi\u00e9n con el presidente de la Federaci\u00f3n Canaria de Automovilismo para ir concretando aspectos de la pr\u00f3xima &#8216;Subida de Har\u00eda&#8217;, una de las pruebas hist\u00f3ricas del calendario del motor en las Islas.<\/p>\n","protected":false},"excerpt":{"rendered":"<p>El primer edil norte\u00f1o,\u00a0Alfredo Villalba Barreto,\u00a0y el nuevo concejal de la Corporaci\u00f3n, Alejandro Hern\u00e1ndez, se reunieron tambi\u00e9n con el presidente de la Federaci\u00f3n Canaria de Automovilismo para ir concretando aspectos de la pr\u00f3xima &#8216;Subida de Har\u00eda&#8217;, una de las pruebas hist\u00f3ricas del calendario del motor en las Islas.<\/p>\n","protected":false},"author":7,"featured_media":17899,"comment_status":"closed","ping_status":"closed","sticky":false,"template":"","format":"standard","meta":{"footnotes":""},"categories":[73,17,11],"tags":[],"class_list":["post-17898","post","type-post","status-publish","format-standard","has-post-thumbnail","hentry","category-alcaldia","category-deportes","category-hoja-de-haria"],"_links":{"self":[{"href":"https:\/\/www.ayuntamientodeharia.com\/haria\/wp-json\/wp\/v2\/posts\/17898","targetHints":{"allow":["GET"]}}],"collection":[{"href":"https:\/\/www.ayuntamientodeharia.com\/haria\/wp-json\/wp\/v2\/posts"}],"about":[{"href":"https:\/\/www.ayuntamientodeharia.com\/haria\/wp-json\/wp\/v2\/types\/post"}],"author":[{"embeddable":true,"href":"https:\/\/www.ayuntamientodeharia.com\/haria\/wp-json\/wp\/v2\/users\/7"}],"replies":[{"embeddable":true,"href":"https:\/\/www.ayuntamientodeharia.com\/haria\/wp-json\/wp\/v2\/comments?post=17898"}],"version-history":[{"count":1,"href":"https:\/\/www.ayuntamientodeharia.com\/haria\/wp-json\/wp\/v2\/posts\/17898\/revisions"}],"predecessor-version":[{"id":17900,"href":"https:\/\/www.ayuntamientodeharia.com\/haria\/wp-json\/wp\/v2\/posts\/17898\/revisions\/17900"}],"wp:featuredmedia":[{"embeddable":true,"href":"https:\/\/www.ayuntamientodeharia.com\/haria\/wp-json\/wp\/v2\/media\/17899"}],"wp:attachment":[{"href":"https:\/\/www.ayuntamientodeharia.com\/haria\/wp-json\/wp\/v2\/media?parent=17898"}],"wp:term":[{"taxonomy":"category","embeddable":true,"href":"https:\/\/www.ayuntamientodeharia.com\/haria\/wp-json\/wp\/v2\/categories?post=17898"},{"taxonomy":"post_tag","embeddable":true,"href":"https:\/\/www.ayuntamientodeharia.com\/haria\/wp-json\/wp\/v2\/tags?post=17898"}],"curies":[{"name":"wp","href":"https:\/\/api.w.org\/{rel}","templated":true}]}}