{"id":17895,"date":"2020-02-21T13:17:16","date_gmt":"2020-02-21T13:17:16","guid":{"rendered":"https:\/\/www.ayuntamientodeharia.com\/haria\/?p=17895"},"modified":"2020-02-21T13:17:16","modified_gmt":"2020-02-21T13:17:16","slug":"se-reanudan-las-clases-de-reeducacion-de-suelo-pelvico","status":"publish","type":"post","link":"https:\/\/www.ayuntamientodeharia.com\/haria\/se-reanudan-las-clases-de-reeducacion-de-suelo-pelvico\/","title":{"rendered":"Se reanudan las clases de reeducaci\u00f3n de suelo p\u00e9lvico"},"content":{"rendered":"<p>La Concejal\u00eda de Igualdad, coordinada por Chaxiraxi Niz, vuelve a poner en marcha las clases de reeducaci\u00f3n de suelo p\u00e9lvico ante la gran acogida obtenida entre la poblaci\u00f3n femenina del municipio el pasado a\u00f1o.<\/p>\n<p><!--more--><\/p>\n<p>&nbsp;<\/p>\n<p>Las clases est\u00e1n dirigidas a mujeres de mediana y avanzada edad con disfunciones de suelo p\u00e9lvico (incontinencia, prolapsos, debilidad de suelo p\u00e9lvico) o a las que tengan inter\u00e9s por mejorar su salud, y ser\u00e1n impartidas por fisioterapeutas expertas en uroginecolog\u00eda, obstetricia y disfunciones de suelo p\u00e9lvico.<\/p>\n<p>&nbsp;<\/p>\n<p>Est\u00e1 previsto que las clases comiencen a impartirse en el mes de marzo, por lo que las mujeres interesadas en asistir deber\u00e1n realizar la inscripci\u00f3n correspondiente, del 24 al 29 de febrero, llamando al 660 732 636, de 10:00 a 14:00 horas, o enviando un correo electr\u00f3nico a <a href=\"mailto:administraci\u00f3n@ifalanzarote.com\">administraci\u00f3n@ifalanzarote.com<\/a>, ya que las plazas son limitadas.<\/p>\n","protected":false},"excerpt":{"rendered":"<p>La Concejal\u00eda de Igualdad, coordinada por Chaxiraxi Niz, vuelve a poner en marcha las clases de reeducaci\u00f3n de suelo p\u00e9lvico ante la gran acogida obtenida entre la poblaci\u00f3n femenina del municipio el pasado a\u00f1o.<\/p>\n","protected":false},"author":7,"featured_media":17896,"comment_status":"closed","ping_status":"closed","sticky":false,"template":"","format":"standard","meta":{"footnotes":""},"categories":[11,30],"tags":[],"class_list":["post-17895","post","type-post","status-publish","format-standard","has-post-thumbnail","hentry","category-hoja-de-haria","category-igualdad"],"_links":{"self":[{"href":"https:\/\/www.ayuntamientodeharia.com\/haria\/wp-json\/wp\/v2\/posts\/17895","targetHints":{"allow":["GET"]}}],"collection":[{"href":"https:\/\/www.ayuntamientodeharia.com\/haria\/wp-json\/wp\/v2\/posts"}],"about":[{"href":"https:\/\/www.ayuntamientodeharia.com\/haria\/wp-json\/wp\/v2\/types\/post"}],"author":[{"embeddable":true,"href":"https:\/\/www.ayuntamientodeharia.com\/haria\/wp-json\/wp\/v2\/users\/7"}],"replies":[{"embeddable":true,"href":"https:\/\/www.ayuntamientodeharia.com\/haria\/wp-json\/wp\/v2\/comments?post=17895"}],"version-history":[{"count":1,"href":"https:\/\/www.ayuntamientodeharia.com\/haria\/wp-json\/wp\/v2\/posts\/17895\/revisions"}],"predecessor-version":[{"id":17897,"href":"https:\/\/www.ayuntamientodeharia.com\/haria\/wp-json\/wp\/v2\/posts\/17895\/revisions\/17897"}],"wp:featuredmedia":[{"embeddable":true,"href":"https:\/\/www.ayuntamientodeharia.com\/haria\/wp-json\/wp\/v2\/media\/17896"}],"wp:attachment":[{"href":"https:\/\/www.ayuntamientodeharia.com\/haria\/wp-json\/wp\/v2\/media?parent=17895"}],"wp:term":[{"taxonomy":"category","embeddable":true,"href":"https:\/\/www.ayuntamientodeharia.com\/haria\/wp-json\/wp\/v2\/categories?post=17895"},{"taxonomy":"post_tag","embeddable":true,"href":"https:\/\/www.ayuntamientodeharia.com\/haria\/wp-json\/wp\/v2\/tags?post=17895"}],"curies":[{"name":"wp","href":"https:\/\/api.w.org\/{rel}","templated":true}]}}