{"id":17892,"date":"2020-02-21T13:11:45","date_gmt":"2020-02-21T13:11:45","guid":{"rendered":"https:\/\/www.ayuntamientodeharia.com\/haria\/?p=17892"},"modified":"2020-02-21T13:11:45","modified_gmt":"2020-02-21T13:11:45","slug":"el-rancho-de-animas-de-arbejales-realizara-una-rogativa-por-los-difuntos","status":"publish","type":"post","link":"https:\/\/www.ayuntamientodeharia.com\/haria\/el-rancho-de-animas-de-arbejales-realizara-una-rogativa-por-los-difuntos\/","title":{"rendered":"El Rancho de \u00c1nimas de Arbejales realizar\u00e1 una rogativa por los difuntos"},"content":{"rendered":"<p>Dentro de las actividades programadas para el desarrollo de las III Jornadas de Patrimonio, organizadas por la Asociaci\u00f3n Cultural Pueblo Maho, en colaboraci\u00f3n con el Gobierno de Canarias y el Ayuntamiento de Har\u00eda, que se celebrar\u00e1n el 20 y 21 de marzo en Har\u00eda, se encuentra la intervenci\u00f3n del Rancho de \u00c1nimas de Arbejales de Teror.<\/p>\n<p><!--more--><\/p>\n<p>&nbsp;<\/p>\n<p>Los Ranchos de \u00c1nimas siguen manteniendo viva una de las tradiciones musicales y espirituales m\u00e1s ancestrales de las islas en la que se rememora a los difuntos. Por este motivo, se solicita la colaboraci\u00f3n de aquellos vecinos que deseen aportar fotograf\u00edas de sus seres queridos fallecidos para utilizarlas en una proyecci\u00f3n que tendr\u00e1 lugar el s\u00e1bado 21 de marzo, en el Centro Sociocultural La Tegala, donde se realizar\u00e1 una rogativa por los difuntos de los vecinos que lo soliciten.<\/p>\n<p>&nbsp;<\/p>\n<p>Todos aquellos interesados pueden enviar las fotograf\u00edas al correo <a href=\"mailto:asociacionculturalpueblomaho@gmail.com\">asociacionculturalpueblomaho@gmail.com<\/a>. Tambi\u00e9n pueden contactar a trav\u00e9s del Facebook-Messenger de la Asociaci\u00f3n Cultural Pueblo Maho.<\/p>\n","protected":false},"excerpt":{"rendered":"<p>Dentro de las actividades programadas para el desarrollo de las III Jornadas de Patrimonio, organizadas por la Asociaci\u00f3n Cultural Pueblo Maho, en colaboraci\u00f3n con el Gobierno de Canarias y el Ayuntamiento de Har\u00eda, que se celebrar\u00e1n el 20 y 21 de marzo en Har\u00eda, se encuentra la intervenci\u00f3n del Rancho de \u00c1nimas de Arbejales de [&hellip;]<\/p>\n","protected":false},"author":7,"featured_media":17893,"comment_status":"closed","ping_status":"closed","sticky":false,"template":"","format":"standard","meta":{"footnotes":""},"categories":[16,11,204],"tags":[],"class_list":["post-17892","post","type-post","status-publish","format-standard","has-post-thumbnail","hentry","category-cultura","category-hoja-de-haria","category-patrimonio"],"_links":{"self":[{"href":"https:\/\/www.ayuntamientodeharia.com\/haria\/wp-json\/wp\/v2\/posts\/17892","targetHints":{"allow":["GET"]}}],"collection":[{"href":"https:\/\/www.ayuntamientodeharia.com\/haria\/wp-json\/wp\/v2\/posts"}],"about":[{"href":"https:\/\/www.ayuntamientodeharia.com\/haria\/wp-json\/wp\/v2\/types\/post"}],"author":[{"embeddable":true,"href":"https:\/\/www.ayuntamientodeharia.com\/haria\/wp-json\/wp\/v2\/users\/7"}],"replies":[{"embeddable":true,"href":"https:\/\/www.ayuntamientodeharia.com\/haria\/wp-json\/wp\/v2\/comments?post=17892"}],"version-history":[{"count":1,"href":"https:\/\/www.ayuntamientodeharia.com\/haria\/wp-json\/wp\/v2\/posts\/17892\/revisions"}],"predecessor-version":[{"id":17894,"href":"https:\/\/www.ayuntamientodeharia.com\/haria\/wp-json\/wp\/v2\/posts\/17892\/revisions\/17894"}],"wp:featuredmedia":[{"embeddable":true,"href":"https:\/\/www.ayuntamientodeharia.com\/haria\/wp-json\/wp\/v2\/media\/17893"}],"wp:attachment":[{"href":"https:\/\/www.ayuntamientodeharia.com\/haria\/wp-json\/wp\/v2\/media?parent=17892"}],"wp:term":[{"taxonomy":"category","embeddable":true,"href":"https:\/\/www.ayuntamientodeharia.com\/haria\/wp-json\/wp\/v2\/categories?post=17892"},{"taxonomy":"post_tag","embeddable":true,"href":"https:\/\/www.ayuntamientodeharia.com\/haria\/wp-json\/wp\/v2\/tags?post=17892"}],"curies":[{"name":"wp","href":"https:\/\/api.w.org\/{rel}","templated":true}]}}