{"id":17889,"date":"2020-02-21T12:59:07","date_gmt":"2020-02-21T12:59:07","guid":{"rendered":"https:\/\/www.ayuntamientodeharia.com\/haria\/?p=17889"},"modified":"2020-02-21T12:59:07","modified_gmt":"2020-02-21T12:59:07","slug":"la-escuela-municipal-de-karate-en-el-iii-seminario-de-kobudo","status":"publish","type":"post","link":"https:\/\/www.ayuntamientodeharia.com\/haria\/la-escuela-municipal-de-karate-en-el-iii-seminario-de-kobudo\/","title":{"rendered":"La Escuela Municipal de K\u00e1rate, en el III Seminario de Kobudo"},"content":{"rendered":"<p>La Escuela Municipal de K\u00e1rate de Har\u00eda particip\u00f3 el pasado s\u00e1bado, 15 de febrero, en el III Seminario de Kobudo organizado por la Federaci\u00f3n Insular de Karate de Lanzarote e impartido por el Maestro 8\u00ba Dan de Karate Jos\u00e9 Luis Meli\u00e1n.<\/p>\n<p><!--more--><\/p>\n<p>&nbsp;<\/p>\n<p>Estos cursos est\u00e1n dirigidos al colectivo de federados de la Federaci\u00f3n Insular de Karate y orientados a todos los niveles, tanto de iniciaci\u00f3n como avanzados. En esta ocasi\u00f3n se trabajaron las armas tradicionales de Bo, Nunchakus, Tonfas y Sai.<\/p>\n","protected":false},"excerpt":{"rendered":"<p>La Escuela Municipal de K\u00e1rate de Har\u00eda particip\u00f3 el pasado s\u00e1bado, 15 de febrero, en el III Seminario de Kobudo organizado por la Federaci\u00f3n Insular de Karate de Lanzarote e impartido por el Maestro 8\u00ba Dan de Karate Jos\u00e9 Luis Meli\u00e1n.<\/p>\n","protected":false},"author":7,"featured_media":17890,"comment_status":"closed","ping_status":"closed","sticky":false,"template":"","format":"standard","meta":{"footnotes":""},"categories":[17,11],"tags":[],"class_list":["post-17889","post","type-post","status-publish","format-standard","has-post-thumbnail","hentry","category-deportes","category-hoja-de-haria"],"_links":{"self":[{"href":"https:\/\/www.ayuntamientodeharia.com\/haria\/wp-json\/wp\/v2\/posts\/17889","targetHints":{"allow":["GET"]}}],"collection":[{"href":"https:\/\/www.ayuntamientodeharia.com\/haria\/wp-json\/wp\/v2\/posts"}],"about":[{"href":"https:\/\/www.ayuntamientodeharia.com\/haria\/wp-json\/wp\/v2\/types\/post"}],"author":[{"embeddable":true,"href":"https:\/\/www.ayuntamientodeharia.com\/haria\/wp-json\/wp\/v2\/users\/7"}],"replies":[{"embeddable":true,"href":"https:\/\/www.ayuntamientodeharia.com\/haria\/wp-json\/wp\/v2\/comments?post=17889"}],"version-history":[{"count":1,"href":"https:\/\/www.ayuntamientodeharia.com\/haria\/wp-json\/wp\/v2\/posts\/17889\/revisions"}],"predecessor-version":[{"id":17891,"href":"https:\/\/www.ayuntamientodeharia.com\/haria\/wp-json\/wp\/v2\/posts\/17889\/revisions\/17891"}],"wp:featuredmedia":[{"embeddable":true,"href":"https:\/\/www.ayuntamientodeharia.com\/haria\/wp-json\/wp\/v2\/media\/17890"}],"wp:attachment":[{"href":"https:\/\/www.ayuntamientodeharia.com\/haria\/wp-json\/wp\/v2\/media?parent=17889"}],"wp:term":[{"taxonomy":"category","embeddable":true,"href":"https:\/\/www.ayuntamientodeharia.com\/haria\/wp-json\/wp\/v2\/categories?post=17889"},{"taxonomy":"post_tag","embeddable":true,"href":"https:\/\/www.ayuntamientodeharia.com\/haria\/wp-json\/wp\/v2\/tags?post=17889"}],"curies":[{"name":"wp","href":"https:\/\/api.w.org\/{rel}","templated":true}]}}