{"id":17883,"date":"2020-02-21T12:53:43","date_gmt":"2020-02-21T12:53:43","guid":{"rendered":"https:\/\/www.ayuntamientodeharia.com\/haria\/?p=17883"},"modified":"2020-02-21T12:53:43","modified_gmt":"2020-02-21T12:53:43","slug":"reduccion-del-horario-de-atencion-al-publico-durante-la-semana-de-carnaval","status":"publish","type":"post","link":"https:\/\/www.ayuntamientodeharia.com\/haria\/reduccion-del-horario-de-atencion-al-publico-durante-la-semana-de-carnaval\/","title":{"rendered":"Reducci\u00f3n del horario de atenci\u00f3n al p\u00fablico durante la semana de carnaval"},"content":{"rendered":"<p>Con motivo de la celebraci\u00f3n de las Fiestas de Carnaval, del 24 al 28 de febrero, el Ayuntamiento de Har\u00eda reduce su horario de atenci\u00f3n al p\u00fablico. As\u00ed, el lunes, mi\u00e9rcoles, jueves y viernes ser\u00e1 de 8:00 a 13:00 horas, mientras que el martes de Carnaval las dependencias municipales permanecer\u00e1n cerradas por ser fiesta local.<\/p>\n","protected":false},"excerpt":{"rendered":"<p>Con motivo de la celebraci\u00f3n de las Fiestas de Carnaval, del 24 al 28 de febrero, el Ayuntamiento de Har\u00eda reduce su horario de atenci\u00f3n al p\u00fablico. As\u00ed, el lunes, mi\u00e9rcoles, jueves y viernes ser\u00e1 de 8:00 a 13:00 horas, mientras que el martes de Carnaval las dependencias municipales permanecer\u00e1n cerradas por ser fiesta local.<\/p>\n","protected":false},"author":7,"featured_media":0,"comment_status":"closed","ping_status":"closed","sticky":false,"template":"","format":"standard","meta":{"footnotes":""},"categories":[32,11],"tags":[],"class_list":["post-17883","post","type-post","status-publish","format-standard","hentry","category-anuncios","category-hoja-de-haria"],"_links":{"self":[{"href":"https:\/\/www.ayuntamientodeharia.com\/haria\/wp-json\/wp\/v2\/posts\/17883","targetHints":{"allow":["GET"]}}],"collection":[{"href":"https:\/\/www.ayuntamientodeharia.com\/haria\/wp-json\/wp\/v2\/posts"}],"about":[{"href":"https:\/\/www.ayuntamientodeharia.com\/haria\/wp-json\/wp\/v2\/types\/post"}],"author":[{"embeddable":true,"href":"https:\/\/www.ayuntamientodeharia.com\/haria\/wp-json\/wp\/v2\/users\/7"}],"replies":[{"embeddable":true,"href":"https:\/\/www.ayuntamientodeharia.com\/haria\/wp-json\/wp\/v2\/comments?post=17883"}],"version-history":[{"count":1,"href":"https:\/\/www.ayuntamientodeharia.com\/haria\/wp-json\/wp\/v2\/posts\/17883\/revisions"}],"predecessor-version":[{"id":17884,"href":"https:\/\/www.ayuntamientodeharia.com\/haria\/wp-json\/wp\/v2\/posts\/17883\/revisions\/17884"}],"wp:attachment":[{"href":"https:\/\/www.ayuntamientodeharia.com\/haria\/wp-json\/wp\/v2\/media?parent=17883"}],"wp:term":[{"taxonomy":"category","embeddable":true,"href":"https:\/\/www.ayuntamientodeharia.com\/haria\/wp-json\/wp\/v2\/categories?post=17883"},{"taxonomy":"post_tag","embeddable":true,"href":"https:\/\/www.ayuntamientodeharia.com\/haria\/wp-json\/wp\/v2\/tags?post=17883"}],"curies":[{"name":"wp","href":"https:\/\/api.w.org\/{rel}","templated":true}]}}