{"id":17839,"date":"2020-02-08T10:13:34","date_gmt":"2020-02-08T10:13:34","guid":{"rendered":"https:\/\/www.ayuntamientodeharia.com\/haria\/?p=17839"},"modified":"2020-02-14T12:24:58","modified_gmt":"2020-02-14T12:24:58","slug":"el-ayuntamiento-aplaude-el-apoyo-del-gobierno-canario-a-la-haria-extreme-lanzarote","status":"publish","type":"post","link":"https:\/\/www.ayuntamientodeharia.com\/haria\/el-ayuntamiento-aplaude-el-apoyo-del-gobierno-canario-a-la-haria-extreme-lanzarote\/","title":{"rendered":"El Ayuntamiento aplaude el apoyo del Gobierno canario a la \u2018Har\u00eda Extreme Lanzarote\u2019"},"content":{"rendered":"<p>El Ayuntamiento de Har\u00eda aplaude la decisi\u00f3n del Gobierno de Canarias de colaborar con una partida de 100.000 euros en la organizaci\u00f3n de la pr\u00f3xima edici\u00f3n de la \u2018Har\u00eda Extreme Lanzarote\u2019, tal y como confirm\u00f3 en el d\u00eda de ayer el director general de Deportes del Gobierno de Canarias, Manolo L\u00f3pez.<\/p>\n<p><!--more--><\/p>\n<p>&nbsp;<\/p>\n<p>Los representantes auton\u00f3micos se desplazaron este viernes al norte de la Isla para reunirse con el alcalde, Alfredo Villalba, y sellar un acuerdo de colaboraci\u00f3n que garantice el crecimiento de una prueba que se ha convertido ya en todo un referente internacional del trail running.<\/p>\n<p>&nbsp;<\/p>\n<p>No en vano, el municipio norte\u00f1o est\u00e1 de enhorabuena ya que hace pocos meses se anunci\u00f3 que la d\u00e9cima edici\u00f3n de la \u2018Har\u00eda Extreme Lanzarote\u201d, a celebrar este a\u00f1o, acoger\u00e1 todo un\u00a0Campeonato del Mundo de la World Mountain Running Association, siendo la primera vez, en 36 a\u00f1os, que el Mundial tenga sede en Espa\u00f1a.<\/p>\n<p>&nbsp;<\/p>\n<p>\u201cDesde el Ejecutivo regional nos enorgullecemos de contar en las Islas con pruebas deportivas de la talla de la \u2018Har\u00eda Extreme Lanzarote\u2019, que sit\u00faan al Archipi\u00e9lago en la \u00e9lite internacional, por lo que debemos respaldar su crecimiento apoyando en todo lo posible a las entidades organizadoras\u201d, se\u00f1al\u00f3 Manolo L\u00f3pez.<\/p>\n<p>&nbsp;<\/p>\n<p>Por su parte, el primer edil norte\u00f1o, Alfredo Villalba, mostr\u00f3 su agradecimiento al Gobierno de Canarias por este apoyo, \u201csin olvidar a todas las personas y empresas que con su esfuerzo hacen posible que un municipio como Har\u00eda albergue cada a\u00f1o un evento deportivo de esta magnitud\u201d.<\/p>\n<p>&nbsp;<\/p>\n<p>El director general de Deportes aprovech\u00f3 la visita para conocer de primera mano las distintas actividades deportivas que se celebran en el municipio e incluso tuvo ocasi\u00f3n de saludar Ladislao Rodr\u00edguez Bonilla, \u2018el Mudo de Har\u00eda\u2019, distinguido con la Medalla de Oro de Canarias en 2011 y toda una personalidad del mundo del deporte en la Isla.<\/p>\n<p><img fetchpriority=\"high\" decoding=\"async\" class=\"alignleft wp-image-17841 size-full\" src=\"https:\/\/www.ayuntamientodeharia.com\/haria\/wp-content\/uploads\/2020\/02\/Visita-Manolo-L\u00f3pez-2.jpeg\" alt=\"\" width=\"1600\" height=\"1200\" srcset=\"https:\/\/www.ayuntamientodeharia.com\/haria\/wp-content\/uploads\/2020\/02\/Visita-Manolo-L\u00f3pez-2.jpeg 1600w, https:\/\/www.ayuntamientodeharia.com\/haria\/wp-content\/uploads\/2020\/02\/Visita-Manolo-L\u00f3pez-2-450x338.jpeg 450w, https:\/\/www.ayuntamientodeharia.com\/haria\/wp-content\/uploads\/2020\/02\/Visita-Manolo-L\u00f3pez-2-768x576.jpeg 768w, https:\/\/www.ayuntamientodeharia.com\/haria\/wp-content\/uploads\/2020\/02\/Visita-Manolo-L\u00f3pez-2-1038x779.jpeg 1038w, https:\/\/www.ayuntamientodeharia.com\/haria\/wp-content\/uploads\/2020\/02\/Visita-Manolo-L\u00f3pez-2-149x112.jpeg 149w\" sizes=\"(max-width: 1600px) 100vw, 1600px\" \/><\/p>\n","protected":false},"excerpt":{"rendered":"<p>El Ayuntamiento de Har\u00eda aplaude la decisi\u00f3n del Gobierno de Canarias de colaborar con una partida de 100.000 euros en la organizaci\u00f3n de la pr\u00f3xima edici\u00f3n de la \u2018Har\u00eda Extreme Lanzarote\u2019, tal y como confirm\u00f3 en el d\u00eda de ayer el director general de Deportes del Gobierno de Canarias, Manolo L\u00f3pez.<\/p>\n","protected":false},"author":7,"featured_media":17840,"comment_status":"closed","ping_status":"closed","sticky":false,"template":"","format":"standard","meta":{"footnotes":""},"categories":[73,17,11],"tags":[],"class_list":["post-17839","post","type-post","status-publish","format-standard","has-post-thumbnail","hentry","category-alcaldia","category-deportes","category-hoja-de-haria"],"_links":{"self":[{"href":"https:\/\/www.ayuntamientodeharia.com\/haria\/wp-json\/wp\/v2\/posts\/17839","targetHints":{"allow":["GET"]}}],"collection":[{"href":"https:\/\/www.ayuntamientodeharia.com\/haria\/wp-json\/wp\/v2\/posts"}],"about":[{"href":"https:\/\/www.ayuntamientodeharia.com\/haria\/wp-json\/wp\/v2\/types\/post"}],"author":[{"embeddable":true,"href":"https:\/\/www.ayuntamientodeharia.com\/haria\/wp-json\/wp\/v2\/users\/7"}],"replies":[{"embeddable":true,"href":"https:\/\/www.ayuntamientodeharia.com\/haria\/wp-json\/wp\/v2\/comments?post=17839"}],"version-history":[{"count":2,"href":"https:\/\/www.ayuntamientodeharia.com\/haria\/wp-json\/wp\/v2\/posts\/17839\/revisions"}],"predecessor-version":[{"id":17843,"href":"https:\/\/www.ayuntamientodeharia.com\/haria\/wp-json\/wp\/v2\/posts\/17839\/revisions\/17843"}],"wp:featuredmedia":[{"embeddable":true,"href":"https:\/\/www.ayuntamientodeharia.com\/haria\/wp-json\/wp\/v2\/media\/17840"}],"wp:attachment":[{"href":"https:\/\/www.ayuntamientodeharia.com\/haria\/wp-json\/wp\/v2\/media?parent=17839"}],"wp:term":[{"taxonomy":"category","embeddable":true,"href":"https:\/\/www.ayuntamientodeharia.com\/haria\/wp-json\/wp\/v2\/categories?post=17839"},{"taxonomy":"post_tag","embeddable":true,"href":"https:\/\/www.ayuntamientodeharia.com\/haria\/wp-json\/wp\/v2\/tags?post=17839"}],"curies":[{"name":"wp","href":"https:\/\/api.w.org\/{rel}","templated":true}]}}