{"id":17834,"date":"2020-02-07T10:57:52","date_gmt":"2020-02-07T10:57:52","guid":{"rendered":"https:\/\/www.ayuntamientodeharia.com\/haria\/?p=17834"},"modified":"2020-02-07T10:57:52","modified_gmt":"2020-02-07T10:57:52","slug":"skuela-de-skate-haria","status":"publish","type":"post","link":"https:\/\/www.ayuntamientodeharia.com\/haria\/skuela-de-skate-haria\/","title":{"rendered":"Skuela de Skate Har\u00eda"},"content":{"rendered":"<p>El Punto Joven de Har\u00eda retoma el pr\u00f3ximo lunes, 10 de febrero, las clases de skate con el proyecto \u2018Skuela de Skate Har\u00eda\u2019.<\/p>\n<p><!--more--><\/p>\n<p>&nbsp;<\/p>\n<p>Las clases, de car\u00e1cter gratuito, tienen lugar los lunes,\u00a0en la rampa de skate ubicada en la Playa de La Garita, en Arrieta,\u00a0de 17:00 a 18:30 horas. Cada alumno ha de llevar su tabla y sus protecciones.<\/p>\n<p>&nbsp;<\/p>\n<p>Para m\u00e1s informaci\u00f3n pueden visitar la agenda de la web juventudharia.es\u00a0o\u00a0contactar en el tel\u00e9fono 928 835 009 (ext. 6) y en el correo\u00a0<a href=\"mailto:juventud@ayuntamientodeharia.com\">juventud@ayuntamientodeharia.com<\/a>.<\/p>\n","protected":false},"excerpt":{"rendered":"<p>El Punto Joven de Har\u00eda retoma el pr\u00f3ximo lunes, 10 de febrero, las clases de skate con el proyecto \u2018Skuela de Skate Har\u00eda\u2019.<\/p>\n","protected":false},"author":7,"featured_media":10100,"comment_status":"closed","ping_status":"closed","sticky":false,"template":"","format":"standard","meta":{"footnotes":""},"categories":[11,25],"tags":[],"class_list":["post-17834","post","type-post","status-publish","format-standard","has-post-thumbnail","hentry","category-hoja-de-haria","category-juventud"],"_links":{"self":[{"href":"https:\/\/www.ayuntamientodeharia.com\/haria\/wp-json\/wp\/v2\/posts\/17834","targetHints":{"allow":["GET"]}}],"collection":[{"href":"https:\/\/www.ayuntamientodeharia.com\/haria\/wp-json\/wp\/v2\/posts"}],"about":[{"href":"https:\/\/www.ayuntamientodeharia.com\/haria\/wp-json\/wp\/v2\/types\/post"}],"author":[{"embeddable":true,"href":"https:\/\/www.ayuntamientodeharia.com\/haria\/wp-json\/wp\/v2\/users\/7"}],"replies":[{"embeddable":true,"href":"https:\/\/www.ayuntamientodeharia.com\/haria\/wp-json\/wp\/v2\/comments?post=17834"}],"version-history":[{"count":1,"href":"https:\/\/www.ayuntamientodeharia.com\/haria\/wp-json\/wp\/v2\/posts\/17834\/revisions"}],"predecessor-version":[{"id":17835,"href":"https:\/\/www.ayuntamientodeharia.com\/haria\/wp-json\/wp\/v2\/posts\/17834\/revisions\/17835"}],"wp:featuredmedia":[{"embeddable":true,"href":"https:\/\/www.ayuntamientodeharia.com\/haria\/wp-json\/wp\/v2\/media\/10100"}],"wp:attachment":[{"href":"https:\/\/www.ayuntamientodeharia.com\/haria\/wp-json\/wp\/v2\/media?parent=17834"}],"wp:term":[{"taxonomy":"category","embeddable":true,"href":"https:\/\/www.ayuntamientodeharia.com\/haria\/wp-json\/wp\/v2\/categories?post=17834"},{"taxonomy":"post_tag","embeddable":true,"href":"https:\/\/www.ayuntamientodeharia.com\/haria\/wp-json\/wp\/v2\/tags?post=17834"}],"curies":[{"name":"wp","href":"https:\/\/api.w.org\/{rel}","templated":true}]}}