{"id":17832,"date":"2020-02-07T10:54:34","date_gmt":"2020-02-07T10:54:34","guid":{"rendered":"https:\/\/www.ayuntamientodeharia.com\/haria\/?p=17832"},"modified":"2020-02-07T10:54:34","modified_gmt":"2020-02-07T10:54:34","slug":"vuelve-la-escuela-municipal-de-circo-de-haria","status":"publish","type":"post","link":"https:\/\/www.ayuntamientodeharia.com\/haria\/vuelve-la-escuela-municipal-de-circo-de-haria\/","title":{"rendered":"Vuelve la Escuela Municipal de Circo de Har\u00eda"},"content":{"rendered":"<p>El Punto Joven de Har\u00eda retoma este domingo, 9 de febrero, las clases de circo a\u00e9reo y acrobacias de la Escuela Municipal de Circo de Har\u00eda, que se impartir\u00e1n todos los domingos, de 11:00 a 13:00 horas, en el CSC La Garita de Arrieta.<\/p>\n<p><!--more--><\/p>\n<p>&nbsp;<\/p>\n<p>Los j\u00f3venes interesados en participar pueden inscribirse directamente en el lugar de las clases. M\u00e1s informaci\u00f3n en la web www.juventudharia.es, en el correo electr\u00f3nico juventud@ayuntamientodeharia.com o en el Departamento de Juventud, llamando al 928 835 009.<\/p>\n","protected":false},"excerpt":{"rendered":"<p>El Punto Joven de Har\u00eda retoma este domingo, 9 de febrero, las clases de circo a\u00e9reo y acrobacias de la Escuela Municipal de Circo de Har\u00eda, que se impartir\u00e1n todos los domingos, de 11:00 a 13:00 horas, en el CSC La Garita de Arrieta.<\/p>\n","protected":false},"author":7,"featured_media":17584,"comment_status":"closed","ping_status":"closed","sticky":false,"template":"","format":"standard","meta":{"footnotes":""},"categories":[11,25],"tags":[],"class_list":["post-17832","post","type-post","status-publish","format-standard","has-post-thumbnail","hentry","category-hoja-de-haria","category-juventud"],"_links":{"self":[{"href":"https:\/\/www.ayuntamientodeharia.com\/haria\/wp-json\/wp\/v2\/posts\/17832","targetHints":{"allow":["GET"]}}],"collection":[{"href":"https:\/\/www.ayuntamientodeharia.com\/haria\/wp-json\/wp\/v2\/posts"}],"about":[{"href":"https:\/\/www.ayuntamientodeharia.com\/haria\/wp-json\/wp\/v2\/types\/post"}],"author":[{"embeddable":true,"href":"https:\/\/www.ayuntamientodeharia.com\/haria\/wp-json\/wp\/v2\/users\/7"}],"replies":[{"embeddable":true,"href":"https:\/\/www.ayuntamientodeharia.com\/haria\/wp-json\/wp\/v2\/comments?post=17832"}],"version-history":[{"count":1,"href":"https:\/\/www.ayuntamientodeharia.com\/haria\/wp-json\/wp\/v2\/posts\/17832\/revisions"}],"predecessor-version":[{"id":17833,"href":"https:\/\/www.ayuntamientodeharia.com\/haria\/wp-json\/wp\/v2\/posts\/17832\/revisions\/17833"}],"wp:featuredmedia":[{"embeddable":true,"href":"https:\/\/www.ayuntamientodeharia.com\/haria\/wp-json\/wp\/v2\/media\/17584"}],"wp:attachment":[{"href":"https:\/\/www.ayuntamientodeharia.com\/haria\/wp-json\/wp\/v2\/media?parent=17832"}],"wp:term":[{"taxonomy":"category","embeddable":true,"href":"https:\/\/www.ayuntamientodeharia.com\/haria\/wp-json\/wp\/v2\/categories?post=17832"},{"taxonomy":"post_tag","embeddable":true,"href":"https:\/\/www.ayuntamientodeharia.com\/haria\/wp-json\/wp\/v2\/tags?post=17832"}],"curies":[{"name":"wp","href":"https:\/\/api.w.org\/{rel}","templated":true}]}}