{"id":17820,"date":"2020-02-07T10:43:09","date_gmt":"2020-02-07T10:43:09","guid":{"rendered":"https:\/\/www.ayuntamientodeharia.com\/haria\/?p=17820"},"modified":"2020-02-07T10:43:09","modified_gmt":"2020-02-07T10:43:09","slug":"competiciones-deportivas-del-fin-de-semana-10","status":"publish","type":"post","link":"https:\/\/www.ayuntamientodeharia.com\/haria\/competiciones-deportivas-del-fin-de-semana-10\/","title":{"rendered":"Competiciones deportivas del fin de semana"},"content":{"rendered":"<p><strong><img decoding=\"async\" class=\"alignleft size-thumbnail wp-image-17624\" src=\"https:\/\/www.ayuntamientodeharia.com\/haria\/wp-content\/uploads\/2020\/01\/pelotas-deportes-150x150.jpg\" alt=\"\" width=\"150\" height=\"150\" \/>F\u00daTBOL:<\/strong><\/p>\n<p>&nbsp;<\/p>\n<p>Viernes 7 de febrero, 21:00h., categor\u00eda regional, estadio municipal Ladislao Rodr\u00edguez Bonilla:<\/p>\n<p>HAR\u00cdA CLUB DE F\u00daTBOL \u2013 PTO. DEL CARMEN CLUB DE F\u00daTBOL<\/p>\n<p><!--more--><\/p>\n<p>&nbsp;<\/p>\n<p>S\u00e1bado 8 de febrero, 12:00h., categor\u00eda infantil estadio municipal Ladislao Rodr\u00edguez Bonilla:<\/p>\n<p>HAR\u00cdA CLUB DE F\u00daTBOL \u2013 CLUB DEPORTIVO ORIENTACI\u00d3N MARITIMA<\/p>\n<p>&nbsp;<\/p>\n<p>S\u00e1bado 8 de febrero, 12:30h., categor\u00eda cadete, estadio municipal Teguise:<\/p>\n<p>CLUB DEPORTIVO TEGUISE &#8211; HAR\u00cdA CLUB DE F\u00daTBOL<\/p>\n<p>&nbsp;<\/p>\n<p>Domingo 9 de febrero, 10:30h., categor\u00eda pre-benjam\u00edn, estadio municipal San Bartolom\u00e9:<\/p>\n<p>HAR\u00cdA CLUB DE F\u00daTBOL \u2013 UNI\u00d3N SUR YAIZA CLUB DE F\u00daTBOL<\/p>\n<p>&nbsp;<\/p>\n<p>&nbsp;<\/p>\n<p><strong>BALONCESTO:<\/strong><\/p>\n<p>&nbsp;<\/p>\n<p>Viernes 7 de febrero, 17:00h., categor\u00eda pre-infantil masculino, Pabell\u00f3n municipal de Har\u00eda:<\/p>\n<p>C.B. HAR\u00cdA LA VUELTA ARRIBA \u2013 COSTA TEGUISE 07<\/p>\n<p>&nbsp;<\/p>\n<p>Viernes 7 de febrero, 18:30h., categor\u00eda benjam\u00edn mixto, pabell\u00f3n IES Blas Cabrera Felipe:<\/p>\n<p>MAGEC LOS DUENDES- C.B. HAR\u00cdA LA VUELTA ARRIBA<\/p>\n<p>&nbsp;<\/p>\n<p>S\u00e1bado 8 de febrero, 10:30h., categor\u00eda pre-infantil femenino invitado, pabell\u00f3n municipal de Tinajo:<\/p>\n<p>TIZZIRI TINAJO CLUB LA SANTA &#8211; C.B. HAR\u00cdA LA VUELTA ARRIBA<\/p>\n<p>&nbsp;<\/p>\n<p>S\u00e1bado 8 de febrero, 12:00h., categor\u00eda minibasket femenino, pabell\u00f3n municipal de Har\u00eda:<\/p>\n<p>C.B. HAR\u00cdA LA VUELTA ARRIBA \u2013 COSTA TEGUISE 08<\/p>\n","protected":false},"excerpt":{"rendered":"<p>F\u00daTBOL: &nbsp; Viernes 7 de febrero, 21:00h., categor\u00eda regional, estadio municipal Ladislao Rodr\u00edguez Bonilla: HAR\u00cdA CLUB DE F\u00daTBOL \u2013 PTO. DEL CARMEN CLUB DE F\u00daTBOL<\/p>\n","protected":false},"author":7,"featured_media":0,"comment_status":"closed","ping_status":"closed","sticky":false,"template":"","format":"standard","meta":{"footnotes":""},"categories":[17,11],"tags":[],"class_list":["post-17820","post","type-post","status-publish","format-standard","hentry","category-deportes","category-hoja-de-haria"],"_links":{"self":[{"href":"https:\/\/www.ayuntamientodeharia.com\/haria\/wp-json\/wp\/v2\/posts\/17820","targetHints":{"allow":["GET"]}}],"collection":[{"href":"https:\/\/www.ayuntamientodeharia.com\/haria\/wp-json\/wp\/v2\/posts"}],"about":[{"href":"https:\/\/www.ayuntamientodeharia.com\/haria\/wp-json\/wp\/v2\/types\/post"}],"author":[{"embeddable":true,"href":"https:\/\/www.ayuntamientodeharia.com\/haria\/wp-json\/wp\/v2\/users\/7"}],"replies":[{"embeddable":true,"href":"https:\/\/www.ayuntamientodeharia.com\/haria\/wp-json\/wp\/v2\/comments?post=17820"}],"version-history":[{"count":1,"href":"https:\/\/www.ayuntamientodeharia.com\/haria\/wp-json\/wp\/v2\/posts\/17820\/revisions"}],"predecessor-version":[{"id":17821,"href":"https:\/\/www.ayuntamientodeharia.com\/haria\/wp-json\/wp\/v2\/posts\/17820\/revisions\/17821"}],"wp:attachment":[{"href":"https:\/\/www.ayuntamientodeharia.com\/haria\/wp-json\/wp\/v2\/media?parent=17820"}],"wp:term":[{"taxonomy":"category","embeddable":true,"href":"https:\/\/www.ayuntamientodeharia.com\/haria\/wp-json\/wp\/v2\/categories?post=17820"},{"taxonomy":"post_tag","embeddable":true,"href":"https:\/\/www.ayuntamientodeharia.com\/haria\/wp-json\/wp\/v2\/tags?post=17820"}],"curies":[{"name":"wp","href":"https:\/\/api.w.org\/{rel}","templated":true}]}}