{"id":17800,"date":"2020-01-31T12:26:59","date_gmt":"2020-01-31T12:26:59","guid":{"rendered":"https:\/\/www.ayuntamientodeharia.com\/haria\/?p=17800"},"modified":"2020-01-31T12:26:59","modified_gmt":"2020-01-31T12:26:59","slug":"concurso-para-disenar-el-cartel-del-carnaval","status":"publish","type":"post","link":"https:\/\/www.ayuntamientodeharia.com\/haria\/concurso-para-disenar-el-cartel-del-carnaval\/","title":{"rendered":"Concurso para dise\u00f1ar el cartel del Carnaval"},"content":{"rendered":"<p>El \u00e1rea de Festejos recuerda que sigue abierto el concurso del cartel anunciador del Carnaval norte\u00f1o, que este a\u00f1o estar\u00e1 dedicado a los Felices A\u00f1os 20, alegor\u00eda ganadora en la encuesta popular.<\/p>\n<p><!--more--><\/p>\n<p>&nbsp;<\/p>\n<p>Las personas interesadas en participar en el concurso podr\u00e1n descargar las bases reguladoras en la web del Ayuntamiento de Har\u00eda.<\/p>\n<p>&nbsp;<\/p>\n<p>Las obras podr\u00e1n entregarse hasta el 4 de febrero, previa presentaci\u00f3n de la solicitud en el Registro General, siguiendo las indicaciones que figuran en las bases.<\/p>\n","protected":false},"excerpt":{"rendered":"<p>El \u00e1rea de Festejos recuerda que sigue abierto el concurso del cartel anunciador del Carnaval norte\u00f1o, que este a\u00f1o estar\u00e1 dedicado a los Felices A\u00f1os 20, alegor\u00eda ganadora en la encuesta popular.<\/p>\n","protected":false},"author":7,"featured_media":15525,"comment_status":"closed","ping_status":"closed","sticky":false,"template":"","format":"standard","meta":{"footnotes":""},"categories":[15,11],"tags":[],"class_list":["post-17800","post","type-post","status-publish","format-standard","has-post-thumbnail","hentry","category-festejos","category-hoja-de-haria"],"_links":{"self":[{"href":"https:\/\/www.ayuntamientodeharia.com\/haria\/wp-json\/wp\/v2\/posts\/17800","targetHints":{"allow":["GET"]}}],"collection":[{"href":"https:\/\/www.ayuntamientodeharia.com\/haria\/wp-json\/wp\/v2\/posts"}],"about":[{"href":"https:\/\/www.ayuntamientodeharia.com\/haria\/wp-json\/wp\/v2\/types\/post"}],"author":[{"embeddable":true,"href":"https:\/\/www.ayuntamientodeharia.com\/haria\/wp-json\/wp\/v2\/users\/7"}],"replies":[{"embeddable":true,"href":"https:\/\/www.ayuntamientodeharia.com\/haria\/wp-json\/wp\/v2\/comments?post=17800"}],"version-history":[{"count":1,"href":"https:\/\/www.ayuntamientodeharia.com\/haria\/wp-json\/wp\/v2\/posts\/17800\/revisions"}],"predecessor-version":[{"id":17801,"href":"https:\/\/www.ayuntamientodeharia.com\/haria\/wp-json\/wp\/v2\/posts\/17800\/revisions\/17801"}],"wp:featuredmedia":[{"embeddable":true,"href":"https:\/\/www.ayuntamientodeharia.com\/haria\/wp-json\/wp\/v2\/media\/15525"}],"wp:attachment":[{"href":"https:\/\/www.ayuntamientodeharia.com\/haria\/wp-json\/wp\/v2\/media?parent=17800"}],"wp:term":[{"taxonomy":"category","embeddable":true,"href":"https:\/\/www.ayuntamientodeharia.com\/haria\/wp-json\/wp\/v2\/categories?post=17800"},{"taxonomy":"post_tag","embeddable":true,"href":"https:\/\/www.ayuntamientodeharia.com\/haria\/wp-json\/wp\/v2\/tags?post=17800"}],"curies":[{"name":"wp","href":"https:\/\/api.w.org\/{rel}","templated":true}]}}