{"id":17782,"date":"2020-01-31T11:43:12","date_gmt":"2020-01-31T11:43:12","guid":{"rendered":"https:\/\/www.ayuntamientodeharia.com\/haria\/?p=17782"},"modified":"2020-01-31T11:43:12","modified_gmt":"2020-01-31T11:43:12","slug":"las-fiestas-de-haria-contaran-con-puntos-violetas-libres-de-agresiones-sexistas","status":"publish","type":"post","link":"https:\/\/www.ayuntamientodeharia.com\/haria\/las-fiestas-de-haria-contaran-con-puntos-violetas-libres-de-agresiones-sexistas\/","title":{"rendered":"Las fiestas de Har\u00eda contar\u00e1n con puntos violetas libres de agresiones sexistas"},"content":{"rendered":"<p>El pleno del Ayuntamiento de Har\u00eda aprob\u00f3 una moci\u00f3n del grupo de gobierno para establecer un protocolo local para la prevenci\u00f3n y atenci\u00f3n de agresiones sexistas en espacios festivos del municipio de norte\u00f1o.<\/p>\n<p><!--more--><\/p>\n<p>&nbsp;<\/p>\n<p>Entre las principales medidas a adoptar destaca el establecimiento de puntos libres de agresiones sexistas (puntos violetas) en las fiestas del norte de la Isla, con personal cualificado para atender a posibles v\u00edctimas y para ofrecer informaci\u00f3n a todas las personas que se acerquen.<\/p>\n<p>&nbsp;<\/p>\n<p>El Consistorio llevar\u00e1 a cabo adem\u00e1s campa\u00f1as de concienciaci\u00f3n sobre igualdad en las fiestas, promoviendo actuaciones espec\u00edficas que promuevan los valores de respeto y libertad. Del mismo modo, se formar\u00e1 a agentes clave en esta materia y se buscar\u00e1 la mayor coordinaci\u00f3n entre todos los servicios municipales implicados.<\/p>\n<p>&nbsp;<\/p>\n<p>La Corporaci\u00f3n local se compromete a realizar cuantas acciones sean necesarias para el asesoramiento y seguimiento del uso no sexista del lenguaje y las im\u00e1genes en las fiestas y a elaborar gu\u00edas con pautas contra las agresiones, as\u00ed como a poner en marcha cursos de autodefensa y empoderamiento de las mujeres.<\/p>\n<p>&nbsp;<\/p>\n<p>\u201cQueremos fomentar un ambiente de respeto y tolerancia en los distintos actos festivos que organizamos desde el Ayuntamiento de Har\u00eda\u201d, se\u00f1ala el alcalde, Alfredo Villalba, quien considera inadmisible que se sigan dando casos de abusos y ataques a mujeres en entornos l\u00fadicos.<\/p>\n","protected":false},"excerpt":{"rendered":"<p>El pleno del Ayuntamiento de Har\u00eda aprob\u00f3 una moci\u00f3n del grupo de gobierno para establecer un protocolo local para la prevenci\u00f3n y atenci\u00f3n de agresiones sexistas en espacios festivos del municipio de norte\u00f1o.<\/p>\n","protected":false},"author":7,"featured_media":17783,"comment_status":"closed","ping_status":"closed","sticky":false,"template":"","format":"standard","meta":{"footnotes":""},"categories":[73,11,30],"tags":[],"class_list":["post-17782","post","type-post","status-publish","format-standard","has-post-thumbnail","hentry","category-alcaldia","category-hoja-de-haria","category-igualdad"],"_links":{"self":[{"href":"https:\/\/www.ayuntamientodeharia.com\/haria\/wp-json\/wp\/v2\/posts\/17782","targetHints":{"allow":["GET"]}}],"collection":[{"href":"https:\/\/www.ayuntamientodeharia.com\/haria\/wp-json\/wp\/v2\/posts"}],"about":[{"href":"https:\/\/www.ayuntamientodeharia.com\/haria\/wp-json\/wp\/v2\/types\/post"}],"author":[{"embeddable":true,"href":"https:\/\/www.ayuntamientodeharia.com\/haria\/wp-json\/wp\/v2\/users\/7"}],"replies":[{"embeddable":true,"href":"https:\/\/www.ayuntamientodeharia.com\/haria\/wp-json\/wp\/v2\/comments?post=17782"}],"version-history":[{"count":1,"href":"https:\/\/www.ayuntamientodeharia.com\/haria\/wp-json\/wp\/v2\/posts\/17782\/revisions"}],"predecessor-version":[{"id":17784,"href":"https:\/\/www.ayuntamientodeharia.com\/haria\/wp-json\/wp\/v2\/posts\/17782\/revisions\/17784"}],"wp:featuredmedia":[{"embeddable":true,"href":"https:\/\/www.ayuntamientodeharia.com\/haria\/wp-json\/wp\/v2\/media\/17783"}],"wp:attachment":[{"href":"https:\/\/www.ayuntamientodeharia.com\/haria\/wp-json\/wp\/v2\/media?parent=17782"}],"wp:term":[{"taxonomy":"category","embeddable":true,"href":"https:\/\/www.ayuntamientodeharia.com\/haria\/wp-json\/wp\/v2\/categories?post=17782"},{"taxonomy":"post_tag","embeddable":true,"href":"https:\/\/www.ayuntamientodeharia.com\/haria\/wp-json\/wp\/v2\/tags?post=17782"}],"curies":[{"name":"wp","href":"https:\/\/api.w.org\/{rel}","templated":true}]}}