{"id":17488,"date":"2019-12-20T12:22:14","date_gmt":"2019-12-20T12:22:14","guid":{"rendered":"https:\/\/www.ayuntamientodeharia.com\/haria\/?p=17488"},"modified":"2019-12-20T12:22:14","modified_gmt":"2019-12-20T12:22:14","slug":"los-alumnos-de-la-garita-visitan-a-los-mayores","status":"publish","type":"post","link":"https:\/\/www.ayuntamientodeharia.com\/haria\/los-alumnos-de-la-garita-visitan-a-los-mayores\/","title":{"rendered":"Los alumnos de La Garita visitan a los mayores"},"content":{"rendered":"<p>El colegio de La Garita, con la colaboraci\u00f3n del departamento de Educaci\u00f3n del Ayuntamiento, asisti\u00f3 el pasado mi\u00e9rcoles, 18 de diciembre, al centro de la tercera edad para cantar villancicos a los mayores del municipio.<\/p>\n<p><!--more--><\/p>\n<p>&nbsp;<\/p>\n<p>Se trata de una iniciativa de aprendizaje-servicio en la que los chicos identifican en su entorno una necesidad social, ambiental o cultural con la que conectan y se sensibilizan, comprometi\u00e9ndose a mejorarla desarrollando un proyecto solidario del cual se sienten protagonistas.<\/p>\n<p>&nbsp;<\/p>\n<p>En este caso han querido acompa\u00f1ar a los mayores del municipio en estas fechas y transmitirles la alegr\u00eda de la Navidad cantando villancicos.<\/p>\n","protected":false},"excerpt":{"rendered":"<p>El colegio de La Garita, con la colaboraci\u00f3n del departamento de Educaci\u00f3n del Ayuntamiento, asisti\u00f3 el pasado mi\u00e9rcoles, 18 de diciembre, al centro de la tercera edad para cantar villancicos a los mayores del municipio.<\/p>\n","protected":false},"author":7,"featured_media":17489,"comment_status":"closed","ping_status":"closed","sticky":false,"template":"","format":"standard","meta":{"footnotes":""},"categories":[19,11,61],"tags":[],"class_list":["post-17488","post","type-post","status-publish","format-standard","has-post-thumbnail","hentry","category-formacion","category-hoja-de-haria","category-tercera-edad"],"_links":{"self":[{"href":"https:\/\/www.ayuntamientodeharia.com\/haria\/wp-json\/wp\/v2\/posts\/17488","targetHints":{"allow":["GET"]}}],"collection":[{"href":"https:\/\/www.ayuntamientodeharia.com\/haria\/wp-json\/wp\/v2\/posts"}],"about":[{"href":"https:\/\/www.ayuntamientodeharia.com\/haria\/wp-json\/wp\/v2\/types\/post"}],"author":[{"embeddable":true,"href":"https:\/\/www.ayuntamientodeharia.com\/haria\/wp-json\/wp\/v2\/users\/7"}],"replies":[{"embeddable":true,"href":"https:\/\/www.ayuntamientodeharia.com\/haria\/wp-json\/wp\/v2\/comments?post=17488"}],"version-history":[{"count":1,"href":"https:\/\/www.ayuntamientodeharia.com\/haria\/wp-json\/wp\/v2\/posts\/17488\/revisions"}],"predecessor-version":[{"id":17490,"href":"https:\/\/www.ayuntamientodeharia.com\/haria\/wp-json\/wp\/v2\/posts\/17488\/revisions\/17490"}],"wp:featuredmedia":[{"embeddable":true,"href":"https:\/\/www.ayuntamientodeharia.com\/haria\/wp-json\/wp\/v2\/media\/17489"}],"wp:attachment":[{"href":"https:\/\/www.ayuntamientodeharia.com\/haria\/wp-json\/wp\/v2\/media?parent=17488"}],"wp:term":[{"taxonomy":"category","embeddable":true,"href":"https:\/\/www.ayuntamientodeharia.com\/haria\/wp-json\/wp\/v2\/categories?post=17488"},{"taxonomy":"post_tag","embeddable":true,"href":"https:\/\/www.ayuntamientodeharia.com\/haria\/wp-json\/wp\/v2\/tags?post=17488"}],"curies":[{"name":"wp","href":"https:\/\/api.w.org\/{rel}","templated":true}]}}