{"id":17427,"date":"2019-12-13T12:48:34","date_gmt":"2019-12-13T12:48:34","guid":{"rendered":"https:\/\/www.ayuntamientodeharia.com\/haria\/?p=17427"},"modified":"2019-12-13T12:48:34","modified_gmt":"2019-12-13T12:48:34","slug":"navidad-islena-en-el-municipio-de-haria","status":"publish","type":"post","link":"https:\/\/www.ayuntamientodeharia.com\/haria\/navidad-islena-en-el-municipio-de-haria\/","title":{"rendered":"\u2018Navidad Isle\u00f1a\u2019 en el municipio de Har\u00eda"},"content":{"rendered":"<p>El \u00c1rea de Cultura del Ayuntamiento, junto con el resto de los municipios de la isla, participa del proyecto \u2018Navidad Isle\u00f1a\u2019, organizada por el \u00e1rea de Cultura del Cabildo de Lanzarote. Las actuaciones en Har\u00eda son las siguientes:<\/p>\n<p><!--more--><\/p>\n<p>\u2022 S\u00e1bado 14 de diciembre, a las 11:30 horas: Agrupaci\u00f3n Folcl\u00f3rica Timbayba en la inauguraci\u00f3n del Portal de Bel\u00e9n y a las 20:00 horas, Concierto de Navidad con el Quinteto de Cuerdas de la orquesta cl\u00e1sica de Lanzarote en La Tegala.<\/p>\n<p>&nbsp;<\/p>\n<p>\u2022 Domingo 15 de diciembre, a las 13:00 horas: Coral Polif\u00f3nica El Cribo en la Iglesia de M\u00e1guez.<\/p>\n<p>&nbsp;<\/p>\n<p>\u2022 S\u00e1bado 21 de diciembre, a las 12:00 horas: Grupo Musical Janubio en el Mercado Artesanal en la plaza de Har\u00eda.<\/p>\n<p>&nbsp;<\/p>\n<p>\u2022 Domingo 22 de diciembre, a las 12:30 horas: Rancho de Pascua de Tinajo en la iglesia de Punta Mujeres.<\/p>\n<p>&nbsp;<\/p>\n<p>\u2022 S\u00e1bado 28 de diciembre, a las 12:00 horas: Parranda los Labradores en el mercado Artesanal en la plaza de Har\u00eda.<\/p>\n","protected":false},"excerpt":{"rendered":"<p>El \u00c1rea de Cultura del Ayuntamiento, junto con el resto de los municipios de la isla, participa del proyecto \u2018Navidad Isle\u00f1a\u2019, organizada por el \u00e1rea de Cultura del Cabildo de Lanzarote. Las actuaciones en Har\u00eda son las siguientes:<\/p>\n","protected":false},"author":7,"featured_media":17428,"comment_status":"closed","ping_status":"closed","sticky":false,"template":"","format":"standard","meta":{"footnotes":""},"categories":[16,11,81],"tags":[],"class_list":["post-17427","post","type-post","status-publish","format-standard","has-post-thumbnail","hentry","category-cultura","category-hoja-de-haria","category-municipio"],"_links":{"self":[{"href":"https:\/\/www.ayuntamientodeharia.com\/haria\/wp-json\/wp\/v2\/posts\/17427","targetHints":{"allow":["GET"]}}],"collection":[{"href":"https:\/\/www.ayuntamientodeharia.com\/haria\/wp-json\/wp\/v2\/posts"}],"about":[{"href":"https:\/\/www.ayuntamientodeharia.com\/haria\/wp-json\/wp\/v2\/types\/post"}],"author":[{"embeddable":true,"href":"https:\/\/www.ayuntamientodeharia.com\/haria\/wp-json\/wp\/v2\/users\/7"}],"replies":[{"embeddable":true,"href":"https:\/\/www.ayuntamientodeharia.com\/haria\/wp-json\/wp\/v2\/comments?post=17427"}],"version-history":[{"count":1,"href":"https:\/\/www.ayuntamientodeharia.com\/haria\/wp-json\/wp\/v2\/posts\/17427\/revisions"}],"predecessor-version":[{"id":17429,"href":"https:\/\/www.ayuntamientodeharia.com\/haria\/wp-json\/wp\/v2\/posts\/17427\/revisions\/17429"}],"wp:featuredmedia":[{"embeddable":true,"href":"https:\/\/www.ayuntamientodeharia.com\/haria\/wp-json\/wp\/v2\/media\/17428"}],"wp:attachment":[{"href":"https:\/\/www.ayuntamientodeharia.com\/haria\/wp-json\/wp\/v2\/media?parent=17427"}],"wp:term":[{"taxonomy":"category","embeddable":true,"href":"https:\/\/www.ayuntamientodeharia.com\/haria\/wp-json\/wp\/v2\/categories?post=17427"},{"taxonomy":"post_tag","embeddable":true,"href":"https:\/\/www.ayuntamientodeharia.com\/haria\/wp-json\/wp\/v2\/tags?post=17427"}],"curies":[{"name":"wp","href":"https:\/\/api.w.org\/{rel}","templated":true}]}}