{"id":17424,"date":"2019-12-13T12:45:54","date_gmt":"2019-12-13T12:45:54","guid":{"rendered":"https:\/\/www.ayuntamientodeharia.com\/haria\/?p=17424"},"modified":"2019-12-13T12:45:54","modified_gmt":"2019-12-13T12:45:54","slug":"excursion-intergeneracional-para-visitar-los-belenes-de-la-isla","status":"publish","type":"post","link":"https:\/\/www.ayuntamientodeharia.com\/haria\/excursion-intergeneracional-para-visitar-los-belenes-de-la-isla\/","title":{"rendered":"Excursi\u00f3n intergeneracional para visitar los Belenes de la Isla"},"content":{"rendered":"<p>Con motivo de las fiestas navide\u00f1as, el Ayuntamiento ha organizado la tradicional excursi\u00f3n por la Isla para visitar los Belenes, el domingo 29 de diciembre, con almuerzo incluido y actividades para los ni\u00f1os con la ACF VivHar\u00eda.<\/p>\n<p><!--more--><\/p>\n<p>&nbsp;<\/p>\n<p>Dada la buena experiencia de a\u00f1os anteriores, seguimos apostando por hacer esta excursi\u00f3n en conjunto con mayores, j\u00f3venes y ni\u00f1os, fomentando la convivencia entre diferentes generaciones.<\/p>\n<p>&nbsp;<\/p>\n<p>Saldr\u00e1 una guagua de Har\u00eda y otra de \u00d3rzola a las 10:00 horas y de Punta Mujeres a las 10:30 horas, pasando por los distintos pueblos del municipio. M\u00e1s informaci\u00f3n e inscripciones en el Centro de la Tercera Edad y el Departamento de Cultura del Ayuntamiento de Har\u00eda. El plazo de inscripci\u00f3n finaliza el jueves 26 de diciembre.<\/p>\n","protected":false},"excerpt":{"rendered":"<p>Con motivo de las fiestas navide\u00f1as, el Ayuntamiento ha organizado la tradicional excursi\u00f3n por la Isla para visitar los Belenes, el domingo 29 de diciembre, con almuerzo incluido y actividades para los ni\u00f1os con la ACF VivHar\u00eda.<\/p>\n","protected":false},"author":7,"featured_media":17425,"comment_status":"closed","ping_status":"closed","sticky":false,"template":"","format":"standard","meta":{"footnotes":""},"categories":[16,11,61],"tags":[],"class_list":["post-17424","post","type-post","status-publish","format-standard","has-post-thumbnail","hentry","category-cultura","category-hoja-de-haria","category-tercera-edad"],"_links":{"self":[{"href":"https:\/\/www.ayuntamientodeharia.com\/haria\/wp-json\/wp\/v2\/posts\/17424","targetHints":{"allow":["GET"]}}],"collection":[{"href":"https:\/\/www.ayuntamientodeharia.com\/haria\/wp-json\/wp\/v2\/posts"}],"about":[{"href":"https:\/\/www.ayuntamientodeharia.com\/haria\/wp-json\/wp\/v2\/types\/post"}],"author":[{"embeddable":true,"href":"https:\/\/www.ayuntamientodeharia.com\/haria\/wp-json\/wp\/v2\/users\/7"}],"replies":[{"embeddable":true,"href":"https:\/\/www.ayuntamientodeharia.com\/haria\/wp-json\/wp\/v2\/comments?post=17424"}],"version-history":[{"count":1,"href":"https:\/\/www.ayuntamientodeharia.com\/haria\/wp-json\/wp\/v2\/posts\/17424\/revisions"}],"predecessor-version":[{"id":17426,"href":"https:\/\/www.ayuntamientodeharia.com\/haria\/wp-json\/wp\/v2\/posts\/17424\/revisions\/17426"}],"wp:featuredmedia":[{"embeddable":true,"href":"https:\/\/www.ayuntamientodeharia.com\/haria\/wp-json\/wp\/v2\/media\/17425"}],"wp:attachment":[{"href":"https:\/\/www.ayuntamientodeharia.com\/haria\/wp-json\/wp\/v2\/media?parent=17424"}],"wp:term":[{"taxonomy":"category","embeddable":true,"href":"https:\/\/www.ayuntamientodeharia.com\/haria\/wp-json\/wp\/v2\/categories?post=17424"},{"taxonomy":"post_tag","embeddable":true,"href":"https:\/\/www.ayuntamientodeharia.com\/haria\/wp-json\/wp\/v2\/tags?post=17424"}],"curies":[{"name":"wp","href":"https:\/\/api.w.org\/{rel}","templated":true}]}}